{"id":2189,"date":"2022-09-08T16:47:30","date_gmt":"2022-09-08T14:47:30","guid":{"rendered":"https:\/\/sanuvazo.cyon.site\/2022\/09\/08\/egger-will-das-bier-wieder-in-worb-abfuellen\/"},"modified":"2023-03-14T16:49:27","modified_gmt":"2023-03-14T15:49:27","slug":"egger-will-das-bier-wieder-in-worb-abfuellen","status":"publish","type":"post","link":"https:\/\/lorenzhess.ch\/fr\/2022\/09\/08\/egger-will-das-bier-wieder-in-worb-abfuellen\/","title":{"rendered":"Egger will das Bier wieder in Worb abf\u00fcllen"},"content":{"rendered":"<div id='av_section_1'  class='avia-section av-5d8hs5-8b36ad075528d3c5f316a0a85a7f88c6 main_color avia-section-default avia-no-border-styling  avia-builder-el-0  el_before_av_section  avia-builder-el-first  av-small-hide av-mini-hide avia-bg-style-scroll container_wrap sidebar_right'  ><div class='container av-section-cont-open' ><main  role=\"main\" itemprop=\"mainContentOfPage\"  class='template-page content  av-content-small alpha units'><div class='post-entry post-entry-type-page post-entry-2189'><div class='entry-content-wrapper clearfix'>\n\n<style type=\"text\/css\" data-created_by=\"avia_inline_auto\" id=\"style-css-av-4u7p05-a775f9171318099fc56f1fe7e2443da2\">\n.flex_column.av-4u7p05-a775f9171318099fc56f1fe7e2443da2{\npadding:0 0 0 149px;\n}\n<\/style>\n<div class='flex_column av-4u7p05-a775f9171318099fc56f1fe7e2443da2 av_one_full  avia-builder-el-1  avia-builder-el-no-sibling  first flex_column_div '     ><section  class='av_textblock_section av-lf8fcsso-f7273a0260384eca5e0513e2b0cd4198'  itemscope=\"itemscope\" itemtype=\"https:\/\/schema.org\/BlogPosting\" itemprop=\"blogPost\" ><div class='avia_textblock'  itemprop=\"text\" ><h1 class=\"ContentHead_title__f3UIa ContentHead_-premium__447tL\"><span class=\"ContentHead_text__L_T2p\">Egger will das Bier wieder in Worb abf\u00fcllen<\/span><\/h1>\n<div class=\"Article_elementTextblockarray__PafgJ\">\n<p><span class=\"HtmlText_root__3vQQX\">\u00abAuch wenn sich die Zusammenarbeit mit der Brauerei Locher bew\u00e4hrt hat und CO\u2082-neutral war, wollen wir das Bier wieder in Worb abf\u00fcllen. Denn zu einer eigenst\u00e4ndigen Brauerei geh\u00f6rt auch eine eigene Abf\u00fcllanlage\u00bb, sagt Lorenz Hess. Der Stettler Gemeindepr\u00e4sident und Nationalrat (Die Mitte) ist neuer Verwaltungsratspr\u00e4sident der Brauerei Albert Egger AG. <\/span><\/p>\n<\/div>\n<p><a href=\"https:\/\/www.bernerzeitung.ch\/egger-will-das-bier-wieder-in-worb-abfuellen-349706793018\" target=\"_blank\" rel=\"noopener\">Artikel in der Berner Zeitung<\/a><\/p>\n<\/div><\/section><br \/>\n\n<style type=\"text\/css\" data-created_by=\"avia_inline_auto\" id=\"style-css-av-lf8fekkg-81c847c08fff11833c2af55ee55bd2cb\">\n.avia-image-container.av-lf8fekkg-81c847c08fff11833c2af55ee55bd2cb img.avia_image{\nbox-shadow:none;\n}\n.avia-image-container.av-lf8fekkg-81c847c08fff11833c2af55ee55bd2cb .av-image-caption-overlay-center{\ncolor:#ffffff;\n}\n<\/style>\n<div  class='avia-image-container av-lf8fekkg-81c847c08fff11833c2af55ee55bd2cb av-styling- avia-align-left  avia-builder-el-3  el_after_av_textblock  el_before_av_social_share '   itemprop=\"image\" itemscope=\"itemscope\" itemtype=\"https:\/\/schema.org\/ImageObject\" ><div class=\"avia-image-container-inner\"><div class=\"avia-image-overlay-wrap\"><a href=\"https:\/\/www.bernerzeitung.ch\/egger-will-das-bier-wieder-in-worb-abfuellen-349706793018\" class=\"avia_image\" target=\"_blank\" rel=\"noopener noreferrer\"><img decoding=\"async\" class='wp-image-2183 avia-img-lazy-loading-not-2183 avia_image ' src=\"https:\/\/lorenzhess.ch\/wp-content\/uploads\/2023\/03\/Lorenz_Hess_Egger_Bier-1030x687.webp\" alt='Lorenz Hess Egger Bier' title='Lorenz_Hess_Egger_Bier'  height=\"687\" width=\"1030\"  itemprop=\"thumbnailUrl\" srcset=\"https:\/\/lorenzhess.ch\/wp-content\/uploads\/2023\/03\/Lorenz_Hess_Egger_Bier-1030x687.webp 1030w, https:\/\/lorenzhess.ch\/wp-content\/uploads\/2023\/03\/Lorenz_Hess_Egger_Bier-300x200.webp 300w, https:\/\/lorenzhess.ch\/wp-content\/uploads\/2023\/03\/Lorenz_Hess_Egger_Bier-768x512.webp 768w, https:\/\/lorenzhess.ch\/wp-content\/uploads\/2023\/03\/Lorenz_Hess_Egger_Bier-1536x1024.webp 1536w, https:\/\/lorenzhess.ch\/wp-content\/uploads\/2023\/03\/Lorenz_Hess_Egger_Bier.webp 2001w\" sizes=\"(max-width: 1030px) 100vw, 1030px\" \/><\/a><\/div><\/div><\/div><br \/>\n<div  class='av-social-sharing-box av-38id1x-33a7d5e33f3138d37c769cfa475e45da av-social-sharing-box-icon  avia-builder-el-4  el_after_av_image  avia-builder-el-last  av-social-sharing-box-same-width'><div class=\"av-share-box\"><ul class=\"av-share-box-list noLightbox\"><li class='av-share-link av-social-link-facebook' ><a target=\"_blank\" aria-label=\"Partager sur Facebook\" href=\"https:\/\/www.facebook.com\/sharer.php?u=https:\/\/lorenzhess.ch\/fr\/2022\/09\/08\/egger-will-das-bier-wieder-in-worb-abfuellen\/&amp;t=Egger%20will%20das%20Bier%20wieder%20in%20Worb%20abf%C3%BCllen\" aria-hidden=\"false\" data-av_icon=\"\ue8f3\" data-av_iconfont=\"entypo-fontello\" title=\"\" data-avia-related-tooltip=\"Partager sur Facebook\" rel=\"noopener\"><span class='avia_hidden_link_text'>Partager sur Facebook<\/span><\/a><\/li><li class='av-share-link av-social-link-twitter' ><a target=\"_blank\" aria-label=\"Partager sur Twitter\" href=\"https:\/\/twitter.com\/share?text=Egger%20will%20das%20Bier%20wieder%20in%20Worb%20abf%C3%BCllen&amp;url=https:\/\/lorenzhess.ch\/fr\/?p=2189\" aria-hidden=\"false\" data-av_icon=\"\ue8f1\" data-av_iconfont=\"entypo-fontello\" title=\"\" data-avia-related-tooltip=\"Partager sur Twitter\" rel=\"noopener\"><span class='avia_hidden_link_text'>Partager sur Twitter<\/span><\/a><\/li><li class='av-share-link av-social-link-linkedin' ><a target=\"_blank\" aria-label=\"Partager sur LinkedIn\" href=\"https:\/\/linkedin.com\/shareArticle?mini=true&amp;title=Egger%20will%20das%20Bier%20wieder%20in%20Worb%20abf%C3%BCllen&amp;url=https:\/\/lorenzhess.ch\/fr\/2022\/09\/08\/egger-will-das-bier-wieder-in-worb-abfuellen\/\" aria-hidden=\"false\" data-av_icon=\"\ue8fc\" data-av_iconfont=\"entypo-fontello\" title=\"\" data-avia-related-tooltip=\"Partager sur LinkedIn\" rel=\"noopener\"><span class='avia_hidden_link_text'>Partager sur LinkedIn<\/span><\/a><\/li><\/ul><\/div><\/div><\/p><\/div>\n\n<\/div><\/div><\/main><!-- close content main element --><\/div><\/div><div id='av_section_2'  class='avia-section av-lf8fhcgm-3a62d45c77120c6d9701a53c306065e9 main_color avia-section-default avia-no-border-styling  avia-builder-el-5  el_after_av_section  avia-builder-el-last  av-desktop-hide av-medium-hide avia-bg-style-scroll container_wrap sidebar_right'  ><div class='container av-section-cont-open' ><div class='template-page content  av-content-small alpha units'><div class='post-entry post-entry-type-page post-entry-2189'><div class='entry-content-wrapper clearfix'>\n<div class='flex_column av-lf8fhjd9-397c60de54aa8bef5b9fc9ec4eec107b av_one_full  avia-builder-el-6  avia-builder-el-no-sibling  first flex_column_div '     ><section  class='av_textblock_section av-6jgzfp-09e4409a7f3e315f3c80782166a9559c'  itemscope=\"itemscope\" itemtype=\"https:\/\/schema.org\/BlogPosting\" itemprop=\"blogPost\" ><div class='avia_textblock'  itemprop=\"text\" ><h1 class=\"ContentHead_title__f3UIa ContentHead_-premium__447tL\"><span class=\"ContentHead_text__L_T2p\">Egger will das Bier wieder in Worb abf\u00fcllen<\/span><\/h1>\n<div class=\"Article_elementTextblockarray__PafgJ\">\n<p><span class=\"HtmlText_root__3vQQX\">\u00abAuch wenn sich die Zusammenarbeit mit der Brauerei Locher bew\u00e4hrt hat und CO\u2082-neutral war, wollen wir das Bier wieder in Worb abf\u00fcllen. Denn zu einer eigenst\u00e4ndigen Brauerei geh\u00f6rt auch eine eigene Abf\u00fcllanlage\u00bb, sagt Lorenz Hess. Der Stettler Gemeindepr\u00e4sident und Nationalrat (Die Mitte) ist neuer Verwaltungsratspr\u00e4sident der Brauerei Albert Egger AG. <\/span><\/p>\n<\/div>\n<p><a href=\"https:\/\/www.bernerzeitung.ch\/egger-will-das-bier-wieder-in-worb-abfuellen-349706793018\" target=\"_blank\" rel=\"noopener\">Artikel in der Berner Zeitung<\/a><\/p>\n<\/div><\/section><br \/>\n\n<style type=\"text\/css\" data-created_by=\"avia_inline_auto\" id=\"style-css-av-3k5dxh-f833402a3a55de4a5b00871d3bcbf840\">\n.avia-image-container.av-3k5dxh-f833402a3a55de4a5b00871d3bcbf840 img.avia_image{\nbox-shadow:none;\n}\n.avia-image-container.av-3k5dxh-f833402a3a55de4a5b00871d3bcbf840 .av-image-caption-overlay-center{\ncolor:#ffffff;\n}\n<\/style>\n<div  class='avia-image-container av-3k5dxh-f833402a3a55de4a5b00871d3bcbf840 av-styling- avia-align-left  avia-builder-el-8  el_after_av_textblock  el_before_av_social_share '   itemprop=\"image\" itemscope=\"itemscope\" itemtype=\"https:\/\/schema.org\/ImageObject\" ><div class=\"avia-image-container-inner\"><div class=\"avia-image-overlay-wrap\"><a href=\"https:\/\/www.bernerzeitung.ch\/egger-will-das-bier-wieder-in-worb-abfuellen-349706793018\" class=\"avia_image\" target=\"_blank\" rel=\"noopener noreferrer\"><img decoding=\"async\" class='wp-image-2183 avia-img-lazy-loading-not-2183 avia_image ' src=\"https:\/\/lorenzhess.ch\/wp-content\/uploads\/2023\/03\/Lorenz_Hess_Egger_Bier-1030x687.webp\" alt='Lorenz Hess Egger Bier' title='Lorenz_Hess_Egger_Bier'  height=\"687\" width=\"1030\"  itemprop=\"thumbnailUrl\" srcset=\"https:\/\/lorenzhess.ch\/wp-content\/uploads\/2023\/03\/Lorenz_Hess_Egger_Bier-1030x687.webp 1030w, https:\/\/lorenzhess.ch\/wp-content\/uploads\/2023\/03\/Lorenz_Hess_Egger_Bier-300x200.webp 300w, https:\/\/lorenzhess.ch\/wp-content\/uploads\/2023\/03\/Lorenz_Hess_Egger_Bier-768x512.webp 768w, https:\/\/lorenzhess.ch\/wp-content\/uploads\/2023\/03\/Lorenz_Hess_Egger_Bier-1536x1024.webp 1536w, https:\/\/lorenzhess.ch\/wp-content\/uploads\/2023\/03\/Lorenz_Hess_Egger_Bier.webp 2001w\" sizes=\"(max-width: 1030px) 100vw, 1030px\" \/><\/a><\/div><\/div><\/div><br \/>\n<div  class='av-social-sharing-box av-2nhz45-23f2f4d37623305140f00c9491c88513 av-social-sharing-box-icon  avia-builder-el-9  el_after_av_image  avia-builder-el-last  av-social-sharing-box-same-width'><div class=\"av-share-box\"><ul class=\"av-share-box-list noLightbox\"><li class='av-share-link av-social-link-facebook' ><a target=\"_blank\" aria-label=\"Partager sur Facebook\" href=\"https:\/\/www.facebook.com\/sharer.php?u=https:\/\/lorenzhess.ch\/fr\/2022\/09\/08\/egger-will-das-bier-wieder-in-worb-abfuellen\/&amp;t=Egger%20will%20das%20Bier%20wieder%20in%20Worb%20abf%C3%BCllen\" aria-hidden=\"false\" data-av_icon=\"\ue8f3\" data-av_iconfont=\"entypo-fontello\" title=\"\" data-avia-related-tooltip=\"Partager sur Facebook\" rel=\"noopener\"><span class='avia_hidden_link_text'>Partager sur Facebook<\/span><\/a><\/li><li class='av-share-link av-social-link-twitter' ><a target=\"_blank\" aria-label=\"Partager sur Twitter\" href=\"https:\/\/twitter.com\/share?text=Egger%20will%20das%20Bier%20wieder%20in%20Worb%20abf%C3%BCllen&amp;url=https:\/\/lorenzhess.ch\/fr\/?p=2189\" aria-hidden=\"false\" data-av_icon=\"\ue8f1\" data-av_iconfont=\"entypo-fontello\" title=\"\" data-avia-related-tooltip=\"Partager sur Twitter\" rel=\"noopener\"><span class='avia_hidden_link_text'>Partager sur Twitter<\/span><\/a><\/li><li class='av-share-link av-social-link-linkedin' ><a target=\"_blank\" aria-label=\"Partager sur LinkedIn\" href=\"https:\/\/linkedin.com\/shareArticle?mini=true&amp;title=Egger%20will%20das%20Bier%20wieder%20in%20Worb%20abf%C3%BCllen&amp;url=https:\/\/lorenzhess.ch\/fr\/2022\/09\/08\/egger-will-das-bier-wieder-in-worb-abfuellen\/\" aria-hidden=\"false\" data-av_icon=\"\ue8fc\" data-av_iconfont=\"entypo-fontello\" title=\"\" data-avia-related-tooltip=\"Partager sur LinkedIn\" rel=\"noopener\"><span class='avia_hidden_link_text'>Partager sur LinkedIn<\/span><\/a><\/li><\/ul><\/div><\/div><\/p><\/div><\/div><\/div><\/div><!-- close content main div --><\/div><\/div><div id='after_section_2'  class='main_color av_default_container_wrap container_wrap sidebar_right'  ><div class='container av-section-cont-open' ><div class='template-page content  av-content-small alpha units'><div class='post-entry post-entry-type-page post-entry-2189'><div class='entry-content-wrapper clearfix'>\n","protected":false},"excerpt":{"rendered":"<p>Berner Zeitung<\/p>\n","protected":false},"author":1,"featured_media":2183,"comment_status":"closed","ping_status":"open","sticky":false,"template":"","format":"standard","meta":{"footnotes":""},"categories":[16],"tags":[19],"class_list":["post-2189","post","type-post","status-publish","format-standard","has-post-thumbnail","hentry","category-dans-les-medias","tag-landscape-fr"],"yoast_head":"<!-- This site is optimized with the Yoast SEO plugin v28.4 - https:\/\/yoast.com\/product\/yoast-seo-wordpress\/ -->\n<title>Egger will das Bier wieder in Worb abf\u00fcllen - Lorenz Hess - Die Mitte<\/title>\n<meta name=\"robots\" content=\"index, follow, max-snippet:-1, max-image-preview:large, max-video-preview:-1\" \/>\n<link rel=\"canonical\" href=\"https:\/\/lorenzhess.ch\/fr\/2022\/09\/08\/egger-will-das-bier-wieder-in-worb-abfuellen\/\" \/>\n<meta property=\"og:locale\" content=\"fr_FR\" \/>\n<meta property=\"og:type\" content=\"article\" \/>\n<meta property=\"og:title\" content=\"Egger will das Bier wieder in Worb abf\u00fcllen\" \/>\n<meta property=\"og:description\" content=\"Berner Zeitung\" \/>\n<meta property=\"og:url\" content=\"https:\/\/lorenzhess.ch\/fr\/2022\/09\/08\/egger-will-das-bier-wieder-in-worb-abfuellen\/\" \/>\n<meta property=\"og:site_name\" content=\"Lorenz Hess - Die Mitte\" \/>\n<meta property=\"article:published_time\" content=\"2022-09-08T14:47:30+00:00\" \/>\n<meta property=\"article:modified_time\" content=\"2023-03-14T15:49:27+00:00\" \/>\n<meta property=\"og:image\" content=\"https:\/\/sanuvazo.cyon.site\/wp-content\/uploads\/2023\/03\/Lorenz_Hess_Egger_Bier-1030x687.webp\" \/>\n<meta name=\"author\" content=\"furrerhugi_dt\" \/>\n<meta name=\"twitter:card\" content=\"summary_large_image\" \/>\n<meta name=\"twitter:title\" content=\"Egger will das Bier wieder in Worb abf\u00fcllen\" \/>\n<meta name=\"twitter:image\" content=\"https:\/\/sanuvazo.cyon.site\/wp-content\/uploads\/2023\/03\/Lorenz_Hess_Egger_Bier-1030x687.webp\" \/>\n<script type=\"application\/ld+json\" class=\"yoast-schema-graph\">{\"@context\":\"https:\\\/\\\/schema.org\",\"@graph\":[{\"@type\":\"Article\",\"@id\":\"https:\\\/\\\/lorenzhess.ch\\\/fr\\\/2022\\\/09\\\/08\\\/egger-will-das-bier-wieder-in-worb-abfuellen\\\/#article\",\"isPartOf\":{\"@id\":\"https:\\\/\\\/lorenzhess.ch\\\/fr\\\/2022\\\/09\\\/08\\\/egger-will-das-bier-wieder-in-worb-abfuellen\\\/\"},\"author\":{\"name\":\"furrerhugi_dt\",\"@id\":\"https:\\\/\\\/lorenzhess.ch\\\/fr\\\/#\\\/schema\\\/person\\\/0f7d94864c70f7779b1613c607ff3a77\"},\"headline\":\"Egger will das Bier wieder in Worb abf\u00fcllen\",\"datePublished\":\"2022-09-08T14:47:30+00:00\",\"dateModified\":\"2023-03-14T15:49:27+00:00\",\"mainEntityOfPage\":{\"@id\":\"https:\\\/\\\/lorenzhess.ch\\\/fr\\\/2022\\\/09\\\/08\\\/egger-will-das-bier-wieder-in-worb-abfuellen\\\/\"},\"wordCount\":1888,\"image\":{\"@id\":\"https:\\\/\\\/lorenzhess.ch\\\/fr\\\/2022\\\/09\\\/08\\\/egger-will-das-bier-wieder-in-worb-abfuellen\\\/#primaryimage\"},\"thumbnailUrl\":\"https:\\\/\\\/lorenzhess.ch\\\/wp-content\\\/uploads\\\/2023\\\/03\\\/Lorenz_Hess_Egger_Bier.webp\",\"keywords\":[\"landscape\"],\"articleSection\":[\"Dans les m\u00e9dias\"],\"inLanguage\":\"fr-FR\"},{\"@type\":\"WebPage\",\"@id\":\"https:\\\/\\\/lorenzhess.ch\\\/fr\\\/2022\\\/09\\\/08\\\/egger-will-das-bier-wieder-in-worb-abfuellen\\\/\",\"url\":\"https:\\\/\\\/lorenzhess.ch\\\/fr\\\/2022\\\/09\\\/08\\\/egger-will-das-bier-wieder-in-worb-abfuellen\\\/\",\"name\":\"Egger will das Bier wieder in Worb abf\u00fcllen - Lorenz Hess - Die Mitte\",\"isPartOf\":{\"@id\":\"https:\\\/\\\/lorenzhess.ch\\\/fr\\\/#website\"},\"primaryImageOfPage\":{\"@id\":\"https:\\\/\\\/lorenzhess.ch\\\/fr\\\/2022\\\/09\\\/08\\\/egger-will-das-bier-wieder-in-worb-abfuellen\\\/#primaryimage\"},\"image\":{\"@id\":\"https:\\\/\\\/lorenzhess.ch\\\/fr\\\/2022\\\/09\\\/08\\\/egger-will-das-bier-wieder-in-worb-abfuellen\\\/#primaryimage\"},\"thumbnailUrl\":\"https:\\\/\\\/lorenzhess.ch\\\/wp-content\\\/uploads\\\/2023\\\/03\\\/Lorenz_Hess_Egger_Bier.webp\",\"datePublished\":\"2022-09-08T14:47:30+00:00\",\"dateModified\":\"2023-03-14T15:49:27+00:00\",\"author\":{\"@id\":\"https:\\\/\\\/lorenzhess.ch\\\/fr\\\/#\\\/schema\\\/person\\\/0f7d94864c70f7779b1613c607ff3a77\"},\"breadcrumb\":{\"@id\":\"https:\\\/\\\/lorenzhess.ch\\\/fr\\\/2022\\\/09\\\/08\\\/egger-will-das-bier-wieder-in-worb-abfuellen\\\/#breadcrumb\"},\"inLanguage\":\"fr-FR\",\"potentialAction\":[{\"@type\":\"ReadAction\",\"target\":[\"https:\\\/\\\/lorenzhess.ch\\\/fr\\\/2022\\\/09\\\/08\\\/egger-will-das-bier-wieder-in-worb-abfuellen\\\/\"]}]},{\"@type\":\"ImageObject\",\"inLanguage\":\"fr-FR\",\"@id\":\"https:\\\/\\\/lorenzhess.ch\\\/fr\\\/2022\\\/09\\\/08\\\/egger-will-das-bier-wieder-in-worb-abfuellen\\\/#primaryimage\",\"url\":\"https:\\\/\\\/lorenzhess.ch\\\/wp-content\\\/uploads\\\/2023\\\/03\\\/Lorenz_Hess_Egger_Bier.webp\",\"contentUrl\":\"https:\\\/\\\/lorenzhess.ch\\\/wp-content\\\/uploads\\\/2023\\\/03\\\/Lorenz_Hess_Egger_Bier.webp\",\"width\":2001,\"height\":1334,\"caption\":\"Lorenz Hess Egger Bier\"},{\"@type\":\"BreadcrumbList\",\"@id\":\"https:\\\/\\\/lorenzhess.ch\\\/fr\\\/2022\\\/09\\\/08\\\/egger-will-das-bier-wieder-in-worb-abfuellen\\\/#breadcrumb\",\"itemListElement\":[{\"@type\":\"ListItem\",\"position\":1,\"name\":\"Home\",\"item\":\"https:\\\/\\\/lorenzhess.ch\\\/fr\\\/\"},{\"@type\":\"ListItem\",\"position\":2,\"name\":\"Egger will das Bier wieder in Worb abf\u00fcllen\"}]},{\"@type\":\"WebSite\",\"@id\":\"https:\\\/\\\/lorenzhess.ch\\\/fr\\\/#website\",\"url\":\"https:\\\/\\\/lorenzhess.ch\\\/fr\\\/\",\"name\":\"Lorenz Hess - Die Mitte\",\"description\":\"B\u00fcrgerlich denken. Nachhaltig handeln.\",\"potentialAction\":[{\"@type\":\"SearchAction\",\"target\":{\"@type\":\"EntryPoint\",\"urlTemplate\":\"https:\\\/\\\/lorenzhess.ch\\\/fr\\\/?s={search_term_string}\"},\"query-input\":{\"@type\":\"PropertyValueSpecification\",\"valueRequired\":true,\"valueName\":\"search_term_string\"}}],\"inLanguage\":\"fr-FR\"},{\"@type\":\"Person\",\"@id\":\"https:\\\/\\\/lorenzhess.ch\\\/fr\\\/#\\\/schema\\\/person\\\/0f7d94864c70f7779b1613c607ff3a77\",\"name\":\"furrerhugi_dt\",\"image\":{\"@type\":\"ImageObject\",\"inLanguage\":\"fr-FR\",\"@id\":\"https:\\\/\\\/secure.gravatar.com\\\/avatar\\\/87869a587a8496c2c5bfc8bb6383829a08ad0224db7761e45c33afa63817923e?s=96&d=mm&r=g\",\"url\":\"https:\\\/\\\/secure.gravatar.com\\\/avatar\\\/87869a587a8496c2c5bfc8bb6383829a08ad0224db7761e45c33afa63817923e?s=96&d=mm&r=g\",\"contentUrl\":\"https:\\\/\\\/secure.gravatar.com\\\/avatar\\\/87869a587a8496c2c5bfc8bb6383829a08ad0224db7761e45c33afa63817923e?s=96&d=mm&r=g\",\"caption\":\"furrerhugi_dt\"},\"sameAs\":[\"http:\\\/\\\/sanuvazo.cyon.site\"],\"url\":\"https:\\\/\\\/lorenzhess.ch\\\/fr\\\/author\\\/furrerhugi_dt\\\/\"}]}<\/script>\n<!-- \/ Yoast SEO plugin. -->","yoast_head_json":{"title":"Egger will das Bier wieder in Worb abf\u00fcllen - Lorenz Hess - Die Mitte","robots":{"index":"index","follow":"follow","max-snippet":"max-snippet:-1","max-image-preview":"max-image-preview:large","max-video-preview":"max-video-preview:-1"},"canonical":"https:\/\/lorenzhess.ch\/fr\/2022\/09\/08\/egger-will-das-bier-wieder-in-worb-abfuellen\/","og_locale":"fr_FR","og_type":"article","og_title":"Egger will das Bier wieder in Worb abf\u00fcllen","og_description":"Berner Zeitung","og_url":"https:\/\/lorenzhess.ch\/fr\/2022\/09\/08\/egger-will-das-bier-wieder-in-worb-abfuellen\/","og_site_name":"Lorenz Hess - Die Mitte","article_published_time":"2022-09-08T14:47:30+00:00","article_modified_time":"2023-03-14T15:49:27+00:00","og_image":[{"url":"https:\/\/sanuvazo.cyon.site\/wp-content\/uploads\/2023\/03\/Lorenz_Hess_Egger_Bier-1030x687.webp","type":"","width":"","height":""}],"author":"furrerhugi_dt","twitter_card":"summary_large_image","twitter_title":"Egger will das Bier wieder in Worb abf\u00fcllen","twitter_image":"https:\/\/sanuvazo.cyon.site\/wp-content\/uploads\/2023\/03\/Lorenz_Hess_Egger_Bier-1030x687.webp","schema":{"@context":"https:\/\/schema.org","@graph":[{"@type":"Article","@id":"https:\/\/lorenzhess.ch\/fr\/2022\/09\/08\/egger-will-das-bier-wieder-in-worb-abfuellen\/#article","isPartOf":{"@id":"https:\/\/lorenzhess.ch\/fr\/2022\/09\/08\/egger-will-das-bier-wieder-in-worb-abfuellen\/"},"author":{"name":"furrerhugi_dt","@id":"https:\/\/lorenzhess.ch\/fr\/#\/schema\/person\/0f7d94864c70f7779b1613c607ff3a77"},"headline":"Egger will das Bier wieder in Worb abf\u00fcllen","datePublished":"2022-09-08T14:47:30+00:00","dateModified":"2023-03-14T15:49:27+00:00","mainEntityOfPage":{"@id":"https:\/\/lorenzhess.ch\/fr\/2022\/09\/08\/egger-will-das-bier-wieder-in-worb-abfuellen\/"},"wordCount":1888,"image":{"@id":"https:\/\/lorenzhess.ch\/fr\/2022\/09\/08\/egger-will-das-bier-wieder-in-worb-abfuellen\/#primaryimage"},"thumbnailUrl":"https:\/\/lorenzhess.ch\/wp-content\/uploads\/2023\/03\/Lorenz_Hess_Egger_Bier.webp","keywords":["landscape"],"articleSection":["Dans les m\u00e9dias"],"inLanguage":"fr-FR"},{"@type":"WebPage","@id":"https:\/\/lorenzhess.ch\/fr\/2022\/09\/08\/egger-will-das-bier-wieder-in-worb-abfuellen\/","url":"https:\/\/lorenzhess.ch\/fr\/2022\/09\/08\/egger-will-das-bier-wieder-in-worb-abfuellen\/","name":"Egger will das Bier wieder in Worb abf\u00fcllen - Lorenz Hess - Die Mitte","isPartOf":{"@id":"https:\/\/lorenzhess.ch\/fr\/#website"},"primaryImageOfPage":{"@id":"https:\/\/lorenzhess.ch\/fr\/2022\/09\/08\/egger-will-das-bier-wieder-in-worb-abfuellen\/#primaryimage"},"image":{"@id":"https:\/\/lorenzhess.ch\/fr\/2022\/09\/08\/egger-will-das-bier-wieder-in-worb-abfuellen\/#primaryimage"},"thumbnailUrl":"https:\/\/lorenzhess.ch\/wp-content\/uploads\/2023\/03\/Lorenz_Hess_Egger_Bier.webp","datePublished":"2022-09-08T14:47:30+00:00","dateModified":"2023-03-14T15:49:27+00:00","author":{"@id":"https:\/\/lorenzhess.ch\/fr\/#\/schema\/person\/0f7d94864c70f7779b1613c607ff3a77"},"breadcrumb":{"@id":"https:\/\/lorenzhess.ch\/fr\/2022\/09\/08\/egger-will-das-bier-wieder-in-worb-abfuellen\/#breadcrumb"},"inLanguage":"fr-FR","potentialAction":[{"@type":"ReadAction","target":["https:\/\/lorenzhess.ch\/fr\/2022\/09\/08\/egger-will-das-bier-wieder-in-worb-abfuellen\/"]}]},{"@type":"ImageObject","inLanguage":"fr-FR","@id":"https:\/\/lorenzhess.ch\/fr\/2022\/09\/08\/egger-will-das-bier-wieder-in-worb-abfuellen\/#primaryimage","url":"https:\/\/lorenzhess.ch\/wp-content\/uploads\/2023\/03\/Lorenz_Hess_Egger_Bier.webp","contentUrl":"https:\/\/lorenzhess.ch\/wp-content\/uploads\/2023\/03\/Lorenz_Hess_Egger_Bier.webp","width":2001,"height":1334,"caption":"Lorenz Hess Egger Bier"},{"@type":"BreadcrumbList","@id":"https:\/\/lorenzhess.ch\/fr\/2022\/09\/08\/egger-will-das-bier-wieder-in-worb-abfuellen\/#breadcrumb","itemListElement":[{"@type":"ListItem","position":1,"name":"Home","item":"https:\/\/lorenzhess.ch\/fr\/"},{"@type":"ListItem","position":2,"name":"Egger will das Bier wieder in Worb abf\u00fcllen"}]},{"@type":"WebSite","@id":"https:\/\/lorenzhess.ch\/fr\/#website","url":"https:\/\/lorenzhess.ch\/fr\/","name":"Lorenz Hess - Die Mitte","description":"B\u00fcrgerlich denken. Nachhaltig handeln.","potentialAction":[{"@type":"SearchAction","target":{"@type":"EntryPoint","urlTemplate":"https:\/\/lorenzhess.ch\/fr\/?s={search_term_string}"},"query-input":{"@type":"PropertyValueSpecification","valueRequired":true,"valueName":"search_term_string"}}],"inLanguage":"fr-FR"},{"@type":"Person","@id":"https:\/\/lorenzhess.ch\/fr\/#\/schema\/person\/0f7d94864c70f7779b1613c607ff3a77","name":"furrerhugi_dt","image":{"@type":"ImageObject","inLanguage":"fr-FR","@id":"https:\/\/secure.gravatar.com\/avatar\/87869a587a8496c2c5bfc8bb6383829a08ad0224db7761e45c33afa63817923e?s=96&d=mm&r=g","url":"https:\/\/secure.gravatar.com\/avatar\/87869a587a8496c2c5bfc8bb6383829a08ad0224db7761e45c33afa63817923e?s=96&d=mm&r=g","contentUrl":"https:\/\/secure.gravatar.com\/avatar\/87869a587a8496c2c5bfc8bb6383829a08ad0224db7761e45c33afa63817923e?s=96&d=mm&r=g","caption":"furrerhugi_dt"},"sameAs":["http:\/\/sanuvazo.cyon.site"],"url":"https:\/\/lorenzhess.ch\/fr\/author\/furrerhugi_dt\/"}]}},"_links":{"self":[{"href":"https:\/\/lorenzhess.ch\/fr\/wp-json\/wp\/v2\/posts\/2189","targetHints":{"allow":["GET"]}}],"collection":[{"href":"https:\/\/lorenzhess.ch\/fr\/wp-json\/wp\/v2\/posts"}],"about":[{"href":"https:\/\/lorenzhess.ch\/fr\/wp-json\/wp\/v2\/types\/post"}],"author":[{"embeddable":true,"href":"https:\/\/lorenzhess.ch\/fr\/wp-json\/wp\/v2\/users\/1"}],"replies":[{"embeddable":true,"href":"https:\/\/lorenzhess.ch\/fr\/wp-json\/wp\/v2\/comments?post=2189"}],"version-history":[{"count":5,"href":"https:\/\/lorenzhess.ch\/fr\/wp-json\/wp\/v2\/posts\/2189\/revisions"}],"predecessor-version":[{"id":2194,"href":"https:\/\/lorenzhess.ch\/fr\/wp-json\/wp\/v2\/posts\/2189\/revisions\/2194"}],"wp:featuredmedia":[{"embeddable":true,"href":"https:\/\/lorenzhess.ch\/fr\/wp-json\/wp\/v2\/media\/2183"}],"wp:attachment":[{"href":"https:\/\/lorenzhess.ch\/fr\/wp-json\/wp\/v2\/media?parent=2189"}],"wp:term":[{"taxonomy":"category","embeddable":true,"href":"https:\/\/lorenzhess.ch\/fr\/wp-json\/wp\/v2\/categories?post=2189"},{"taxonomy":"post_tag","embeddable":true,"href":"https:\/\/lorenzhess.ch\/fr\/wp-json\/wp\/v2\/tags?post=2189"}],"curies":[{"name":"wp","href":"https:\/\/api.w.org\/{rel}","templated":true}]}}