{"id":2797,"date":"2023-06-06T16:13:39","date_gmt":"2023-06-06T14:13:39","guid":{"rendered":"https:\/\/lorenzhess.ch\/2023\/06\/06\/kostenbremse-initiative\/"},"modified":"2023-06-06T19:18:14","modified_gmt":"2023-06-06T17:18:14","slug":"kostenbremse-initiative","status":"publish","type":"post","link":"https:\/\/lorenzhess.ch\/fr\/2023\/06\/06\/kostenbremse-initiative\/","title":{"rendered":"Kostenbremse-Initiative"},"content":{"rendered":"<div id='av_section_1'  class='avia-section av-65niyb-c256f174187e8ace6708ef3b7cfbc2dd main_color avia-section-default avia-no-border-styling  avia-builder-el-0  el_before_av_section  avia-builder-el-first  av-small-hide av-mini-hide avia-bg-style-scroll container_wrap sidebar_right'  ><div class='container av-section-cont-open' ><main  role=\"main\" itemprop=\"mainContentOfPage\"  class='template-page content  av-content-small alpha units'><div class='post-entry post-entry-type-page post-entry-2797'><div class='entry-content-wrapper clearfix'>\n\n<style type=\"text\/css\" data-created_by=\"avia_inline_auto\" id=\"style-css-av-4i4tlv-d03558eeb29d36cd60d7ffcb897bb7c7\">\n.flex_column.av-4i4tlv-d03558eeb29d36cd60d7ffcb897bb7c7{\npadding:0 0 0 149px;\n}\n<\/style>\n<div class='flex_column av-4i4tlv-d03558eeb29d36cd60d7ffcb897bb7c7 av_one_full  avia-builder-el-1  avia-builder-el-no-sibling  first flex_column_div '     ><section  class='av_textblock_section av-likav4k9-3f4f2e93dcecf33a33831c53cf6e81dc'  itemscope=\"itemscope\" itemtype=\"https:\/\/schema.org\/BlogPosting\" itemprop=\"blogPost\" ><div class='avia_textblock'  itemprop=\"text\" ><h1>Kostenbremse-Initiative<\/h1>\n<p>Seit Jahren steigen die Krankenkassenpr\u00e4mien st\u00e4rker als der Lohn und reissen ein immer gr\u00f6sseres Loch in unser Budget. Schuld daran sind die \u00fcberbordenden Kosten im Gesundheitswesen. Laut Experten k\u00f6nnten heute 20% oder 6 Milliarden Franken der Kosten in der obligatorischen Grundversicherung ohne Qualit\u00e4tsverlust eingespart werden. Es ist offensichtlich: Die Beh\u00f6rden und die Akteure im Gesundheitswesen haben versagt!<\/p>\n<div class=\"Article_elementTextblockarray__PafgJ\"><\/div>\n<p><a href=\"https:\/\/die-mitte.ch\/kostenbremse-initiative\" target=\"_blank\" rel=\"noopener\">die-mitte.ch\/kostenbremse-initiative<\/a><\/p>\n<\/div><\/section><br \/>\n\n<style type=\"text\/css\" data-created_by=\"avia_inline_auto\" id=\"style-css-av-likcys1k-2db4bab9006dd35c891d470aa345606e\">\n.avia-video.av-likcys1k-2db4bab9006dd35c891d470aa345606e{\nbackground-image:url(https:\/\/lorenzhess.ch\/wp-content\/uploads\/2023\/06\/Lorenz_Hess_Kostenbremse.png);\n}\n<\/style>\n<div  class='avia-video av-likcys1k-2db4bab9006dd35c891d470aa345606e avia-video-16-9 av-preview-image avia-video-load-always av-lazyload-immediate av-lazyload-video-embed'  itemprop=\"video\" itemtype=\"https:\/\/schema.org\/VideoObject\"  data-original_url='https:\/\/youtube.com\/shorts\/ehmTav-cXKc?feature=share'><script type='text\/html' class='av-video-tmpl'><div class='avia-iframe-wrap'><iframe loading=\"lazy\" title=\"Kostenbremse-Initiative\" width=\"1333\" height=\"1000\" src=\"https:\/\/www.youtube.com\/embed\/ehmTav-cXKc?feature=oembed&autoplay=1&loop=0&controls=1&mute=1\" frameborder=\"0\" allow=\"accelerometer; autoplay; clipboard-write; encrypted-media; gyroscope; picture-in-picture; web-share\" allowfullscreen><\/iframe><\/div><\/script><div class='av-click-to-play-overlay'><div class=\"avia_playpause_icon\"><\/div><\/div><\/div><br \/>\n<div  class='av-social-sharing-box av-28b7xv-f710d9d17507f1810298245f08161b7e av-social-sharing-box-icon  avia-builder-el-4  el_after_av_video  avia-builder-el-last  av-social-sharing-box-same-width'><div class=\"av-share-box\"><ul class=\"av-share-box-list noLightbox\"><li class='av-share-link av-social-link-facebook' ><a target=\"_blank\" aria-label=\"Partager sur Facebook\" href=\"https:\/\/www.facebook.com\/sharer.php?u=https:\/\/lorenzhess.ch\/fr\/2023\/06\/06\/kostenbremse-initiative\/&amp;t=Kostenbremse-Initiative\" aria-hidden=\"false\" data-av_icon=\"\ue8f3\" data-av_iconfont=\"entypo-fontello\" title=\"\" data-avia-related-tooltip=\"Partager sur Facebook\" rel=\"noopener\"><span class='avia_hidden_link_text'>Partager sur Facebook<\/span><\/a><\/li><li class='av-share-link av-social-link-twitter' ><a target=\"_blank\" aria-label=\"Partager sur Twitter\" href=\"https:\/\/twitter.com\/share?text=Kostenbremse-Initiative&amp;url=https:\/\/lorenzhess.ch\/fr\/?p=2797\" aria-hidden=\"false\" data-av_icon=\"\ue8f1\" data-av_iconfont=\"entypo-fontello\" title=\"\" data-avia-related-tooltip=\"Partager sur Twitter\" rel=\"noopener\"><span class='avia_hidden_link_text'>Partager sur Twitter<\/span><\/a><\/li><li class='av-share-link av-social-link-linkedin' ><a target=\"_blank\" aria-label=\"Partager sur LinkedIn\" href=\"https:\/\/linkedin.com\/shareArticle?mini=true&amp;title=Kostenbremse-Initiative&amp;url=https:\/\/lorenzhess.ch\/fr\/2023\/06\/06\/kostenbremse-initiative\/\" aria-hidden=\"false\" data-av_icon=\"\ue8fc\" data-av_iconfont=\"entypo-fontello\" title=\"\" data-avia-related-tooltip=\"Partager sur LinkedIn\" rel=\"noopener\"><span class='avia_hidden_link_text'>Partager sur LinkedIn<\/span><\/a><\/li><\/ul><\/div><\/div><\/p><\/div>\n\n<\/div><\/div><\/main><!-- close content main element --><\/div><\/div><div id='av_section_2'  class='avia-section av-likj58kq-6452acc156b1e86ceb43c160271de541 main_color avia-section-default avia-no-border-styling  avia-builder-el-5  el_after_av_section  avia-builder-el-last  av-desktop-hide av-medium-hide avia-bg-style-scroll container_wrap sidebar_right'  ><div class='container av-section-cont-open' ><div class='template-page content  av-content-small alpha units'><div class='post-entry post-entry-type-page post-entry-2797'><div class='entry-content-wrapper clearfix'>\n<div class='flex_column av-likj5f4w-a191bbc54a01ec4bc2d60b7bfaf75e81 av_one_full  avia-builder-el-6  avia-builder-el-no-sibling  first flex_column_div '     ><section  class='av_textblock_section av-av_textblock-7a1af7d8f9790576b1769c0a9f0449ed'  itemscope=\"itemscope\" itemtype=\"https:\/\/schema.org\/BlogPosting\" itemprop=\"blogPost\" ><div class='avia_textblock'  itemprop=\"text\" ><h1>Kostenbremse-Initiative<\/h1>\n<p>Seit Jahren steigen die Krankenkassenpr\u00e4mien st\u00e4rker als der Lohn und reissen ein immer gr\u00f6sseres Loch in unser Budget. Schuld daran sind die \u00fcberbordenden Kosten im Gesundheitswesen. Laut Experten k\u00f6nnten heute 20% oder 6 Milliarden Franken der Kosten in der obligatorischen Grundversicherung ohne Qualit\u00e4tsverlust eingespart werden. Es ist offensichtlich: Die Beh\u00f6rden und die Akteure im Gesundheitswesen haben versagt!<\/p>\n<div class=\"Article_elementTextblockarray__PafgJ\"><\/div>\n<p><a href=\"https:\/\/die-mitte.ch\/kostenbremse-initiative\" target=\"_blank\" rel=\"noopener\">die-mitte.ch\/kostenbremse-initiative<\/a><\/p>\n<\/div><\/section><br \/>\n\n<style type=\"text\/css\" data-created_by=\"avia_inline_auto\" id=\"style-css-av-av_video-209de798c8376388185c2487e6ec0d4a\">\n.avia-video.av-av_video-209de798c8376388185c2487e6ec0d4a{\nbackground-image:url(https:\/\/lorenzhess.ch\/wp-content\/uploads\/2023\/06\/Lorenz_Hess_Kostenbremse.png);\n}\n<\/style>\n<div  class='avia-video av-av_video-209de798c8376388185c2487e6ec0d4a avia-video-16-9 av-preview-image avia-video-load-always av-lazyload-immediate av-lazyload-video-embed'  itemprop=\"video\" itemtype=\"https:\/\/schema.org\/VideoObject\"  data-original_url='https:\/\/youtube.com\/shorts\/ehmTav-cXKc?feature=share'><script type='text\/html' class='av-video-tmpl'><div class='avia-iframe-wrap'><iframe loading=\"lazy\" title=\"Kostenbremse-Initiative\" width=\"1333\" height=\"1000\" src=\"https:\/\/www.youtube.com\/embed\/ehmTav-cXKc?feature=oembed&autoplay=1&loop=0&controls=1&mute=1\" frameborder=\"0\" allow=\"accelerometer; autoplay; clipboard-write; encrypted-media; gyroscope; picture-in-picture; web-share\" allowfullscreen><\/iframe><\/div><\/script><div class='av-click-to-play-overlay'><div class=\"avia_playpause_icon\"><\/div><\/div><\/div><br \/>\n<div  class='av-social-sharing-box av-av_social_share-05ee01bc7f86d6d28e979469eee84a20 av-social-sharing-box-icon  avia-builder-el-9  el_after_av_video  avia-builder-el-last  av-social-sharing-box-same-width'><div class=\"av-share-box\"><ul class=\"av-share-box-list noLightbox\"><li class='av-share-link av-social-link-facebook' ><a target=\"_blank\" aria-label=\"Partager sur Facebook\" href=\"https:\/\/www.facebook.com\/sharer.php?u=https:\/\/lorenzhess.ch\/fr\/2023\/06\/06\/kostenbremse-initiative\/&amp;t=Kostenbremse-Initiative\" aria-hidden=\"false\" data-av_icon=\"\ue8f3\" data-av_iconfont=\"entypo-fontello\" title=\"\" data-avia-related-tooltip=\"Partager sur Facebook\" rel=\"noopener\"><span class='avia_hidden_link_text'>Partager sur Facebook<\/span><\/a><\/li><li class='av-share-link av-social-link-twitter' ><a target=\"_blank\" aria-label=\"Partager sur Twitter\" href=\"https:\/\/twitter.com\/share?text=Kostenbremse-Initiative&amp;url=https:\/\/lorenzhess.ch\/fr\/?p=2797\" aria-hidden=\"false\" data-av_icon=\"\ue8f1\" data-av_iconfont=\"entypo-fontello\" title=\"\" data-avia-related-tooltip=\"Partager sur Twitter\" rel=\"noopener\"><span class='avia_hidden_link_text'>Partager sur Twitter<\/span><\/a><\/li><li class='av-share-link av-social-link-linkedin' ><a target=\"_blank\" aria-label=\"Partager sur LinkedIn\" href=\"https:\/\/linkedin.com\/shareArticle?mini=true&amp;title=Kostenbremse-Initiative&amp;url=https:\/\/lorenzhess.ch\/fr\/2023\/06\/06\/kostenbremse-initiative\/\" aria-hidden=\"false\" data-av_icon=\"\ue8fc\" data-av_iconfont=\"entypo-fontello\" title=\"\" data-avia-related-tooltip=\"Partager sur LinkedIn\" rel=\"noopener\"><span class='avia_hidden_link_text'>Partager sur LinkedIn<\/span><\/a><\/li><\/ul><\/div><\/div><\/p><\/div><\/div><\/div><\/div><!-- close content main div --><\/div><\/div><div id='after_section_2'  class='main_color av_default_container_wrap container_wrap sidebar_right'  ><div class='container av-section-cont-open' ><div class='template-page content  av-content-small alpha units'><div class='post-entry post-entry-type-page post-entry-2797'><div class='entry-content-wrapper clearfix'>\n","protected":false},"excerpt":{"rendered":"<p>die-mitte.ch\/kostenbremse-initiative<\/p>\n","protected":false},"author":1,"featured_media":2793,"comment_status":"closed","ping_status":"open","sticky":false,"template":"","format":"standard","meta":{"footnotes":""},"categories":[16],"tags":[19],"class_list":["post-2797","post","type-post","status-publish","format-standard","has-post-thumbnail","hentry","category-dans-les-medias","tag-landscape-fr"],"yoast_head":"<!-- This site is optimized with the Yoast SEO plugin v28.4 - https:\/\/yoast.com\/product\/yoast-seo-wordpress\/ -->\n<title>Kostenbremse-Initiative - Lorenz Hess - Die Mitte<\/title>\n<meta name=\"description\" content=\"eit Jahren steigen die Krankenkassenpr\u00e4mien st\u00e4rker als der Lohn und reissen ein immer gr\u00f6sseres Loch in unser Budget.\" \/>\n<meta name=\"robots\" content=\"index, follow, max-snippet:-1, max-image-preview:large, max-video-preview:-1\" \/>\n<link rel=\"canonical\" href=\"https:\/\/lorenzhess.ch\/fr\/2023\/06\/06\/kostenbremse-initiative\/\" \/>\n<meta property=\"og:locale\" content=\"fr_FR\" \/>\n<meta property=\"og:type\" content=\"article\" \/>\n<meta property=\"og:title\" content=\"Kostenbremse-Initiative\" \/>\n<meta property=\"og:description\" content=\"eit Jahren steigen die Krankenkassenpr\u00e4mien st\u00e4rker als der Lohn und reissen ein immer gr\u00f6sseres Loch in unser Budget. Schuld daran sind die \u00fcberbordenden Kosten im Gesundheitswesen.\" \/>\n<meta property=\"og:url\" content=\"https:\/\/lorenzhess.ch\/fr\/2023\/06\/06\/kostenbremse-initiative\/\" \/>\n<meta property=\"og:site_name\" content=\"Lorenz Hess - Die Mitte\" \/>\n<meta property=\"article:published_time\" content=\"2023-06-06T14:13:39+00:00\" \/>\n<meta property=\"article:modified_time\" content=\"2023-06-06T17:18:14+00:00\" \/>\n<meta property=\"og:image\" content=\"https:\/\/lorenzhess.ch\/wp-content\/uploads\/2023\/06\/Lorenz_Hess_Kostenbremse-300x300.png\" \/>\n<meta name=\"author\" content=\"furrerhugi_dt\" \/>\n<meta name=\"twitter:card\" content=\"summary_large_image\" \/>\n<meta name=\"twitter:title\" content=\"Kostenbremse-Initiative\" \/>\n<meta name=\"twitter:description\" content=\"eit Jahren steigen die Krankenkassenpr\u00e4mien st\u00e4rker als der Lohn und reissen ein immer gr\u00f6sseres Loch in unser Budget. Schuld daran sind die \u00fcberbordenden Kosten im Gesundheitswesen.\" \/>\n<meta name=\"twitter:image\" content=\"https:\/\/lorenzhess.ch\/wp-content\/uploads\/2023\/06\/Lorenz_Hess_Kostenbremse-634x430.png\" \/>\n<script type=\"application\/ld+json\" class=\"yoast-schema-graph\">{\"@context\":\"https:\\\/\\\/schema.org\",\"@graph\":[{\"@type\":\"Article\",\"@id\":\"https:\\\/\\\/lorenzhess.ch\\\/fr\\\/2023\\\/06\\\/06\\\/kostenbremse-initiative\\\/#article\",\"isPartOf\":{\"@id\":\"https:\\\/\\\/lorenzhess.ch\\\/fr\\\/2023\\\/06\\\/06\\\/kostenbremse-initiative\\\/\"},\"author\":{\"name\":\"furrerhugi_dt\",\"@id\":\"https:\\\/\\\/lorenzhess.ch\\\/fr\\\/#\\\/schema\\\/person\\\/0f7d94864c70f7779b1613c607ff3a77\"},\"headline\":\"Kostenbremse-Initiative\",\"datePublished\":\"2023-06-06T14:13:39+00:00\",\"dateModified\":\"2023-06-06T17:18:14+00:00\",\"mainEntityOfPage\":{\"@id\":\"https:\\\/\\\/lorenzhess.ch\\\/fr\\\/2023\\\/06\\\/06\\\/kostenbremse-initiative\\\/\"},\"wordCount\":1425,\"image\":{\"@id\":\"https:\\\/\\\/lorenzhess.ch\\\/fr\\\/2023\\\/06\\\/06\\\/kostenbremse-initiative\\\/#primaryimage\"},\"thumbnailUrl\":\"https:\\\/\\\/lorenzhess.ch\\\/wp-content\\\/uploads\\\/2023\\\/06\\\/Lorenz_Hess_Kostenbremse.png\",\"keywords\":[\"landscape\"],\"articleSection\":[\"Dans les m\u00e9dias\"],\"inLanguage\":\"fr-FR\"},{\"@type\":\"WebPage\",\"@id\":\"https:\\\/\\\/lorenzhess.ch\\\/fr\\\/2023\\\/06\\\/06\\\/kostenbremse-initiative\\\/\",\"url\":\"https:\\\/\\\/lorenzhess.ch\\\/fr\\\/2023\\\/06\\\/06\\\/kostenbremse-initiative\\\/\",\"name\":\"Kostenbremse-Initiative - Lorenz Hess - Die Mitte\",\"isPartOf\":{\"@id\":\"https:\\\/\\\/lorenzhess.ch\\\/fr\\\/#website\"},\"primaryImageOfPage\":{\"@id\":\"https:\\\/\\\/lorenzhess.ch\\\/fr\\\/2023\\\/06\\\/06\\\/kostenbremse-initiative\\\/#primaryimage\"},\"image\":{\"@id\":\"https:\\\/\\\/lorenzhess.ch\\\/fr\\\/2023\\\/06\\\/06\\\/kostenbremse-initiative\\\/#primaryimage\"},\"thumbnailUrl\":\"https:\\\/\\\/lorenzhess.ch\\\/wp-content\\\/uploads\\\/2023\\\/06\\\/Lorenz_Hess_Kostenbremse.png\",\"datePublished\":\"2023-06-06T14:13:39+00:00\",\"dateModified\":\"2023-06-06T17:18:14+00:00\",\"author\":{\"@id\":\"https:\\\/\\\/lorenzhess.ch\\\/fr\\\/#\\\/schema\\\/person\\\/0f7d94864c70f7779b1613c607ff3a77\"},\"description\":\"eit Jahren steigen die Krankenkassenpr\u00e4mien st\u00e4rker als der Lohn und reissen ein immer gr\u00f6sseres Loch in unser Budget.\",\"breadcrumb\":{\"@id\":\"https:\\\/\\\/lorenzhess.ch\\\/fr\\\/2023\\\/06\\\/06\\\/kostenbremse-initiative\\\/#breadcrumb\"},\"inLanguage\":\"fr-FR\",\"potentialAction\":[{\"@type\":\"ReadAction\",\"target\":[\"https:\\\/\\\/lorenzhess.ch\\\/fr\\\/2023\\\/06\\\/06\\\/kostenbremse-initiative\\\/\"]}]},{\"@type\":\"ImageObject\",\"inLanguage\":\"fr-FR\",\"@id\":\"https:\\\/\\\/lorenzhess.ch\\\/fr\\\/2023\\\/06\\\/06\\\/kostenbremse-initiative\\\/#primaryimage\",\"url\":\"https:\\\/\\\/lorenzhess.ch\\\/wp-content\\\/uploads\\\/2023\\\/06\\\/Lorenz_Hess_Kostenbremse.png\",\"contentUrl\":\"https:\\\/\\\/lorenzhess.ch\\\/wp-content\\\/uploads\\\/2023\\\/06\\\/Lorenz_Hess_Kostenbremse.png\",\"width\":634,\"height\":637},{\"@type\":\"BreadcrumbList\",\"@id\":\"https:\\\/\\\/lorenzhess.ch\\\/fr\\\/2023\\\/06\\\/06\\\/kostenbremse-initiative\\\/#breadcrumb\",\"itemListElement\":[{\"@type\":\"ListItem\",\"position\":1,\"name\":\"Home\",\"item\":\"https:\\\/\\\/lorenzhess.ch\\\/fr\\\/\"},{\"@type\":\"ListItem\",\"position\":2,\"name\":\"Kostenbremse-Initiative\"}]},{\"@type\":\"WebSite\",\"@id\":\"https:\\\/\\\/lorenzhess.ch\\\/fr\\\/#website\",\"url\":\"https:\\\/\\\/lorenzhess.ch\\\/fr\\\/\",\"name\":\"Lorenz Hess - Die Mitte\",\"description\":\"B\u00fcrgerlich denken. Nachhaltig handeln.\",\"potentialAction\":[{\"@type\":\"SearchAction\",\"target\":{\"@type\":\"EntryPoint\",\"urlTemplate\":\"https:\\\/\\\/lorenzhess.ch\\\/fr\\\/?s={search_term_string}\"},\"query-input\":{\"@type\":\"PropertyValueSpecification\",\"valueRequired\":true,\"valueName\":\"search_term_string\"}}],\"inLanguage\":\"fr-FR\"},{\"@type\":\"Person\",\"@id\":\"https:\\\/\\\/lorenzhess.ch\\\/fr\\\/#\\\/schema\\\/person\\\/0f7d94864c70f7779b1613c607ff3a77\",\"name\":\"furrerhugi_dt\",\"image\":{\"@type\":\"ImageObject\",\"inLanguage\":\"fr-FR\",\"@id\":\"https:\\\/\\\/secure.gravatar.com\\\/avatar\\\/87869a587a8496c2c5bfc8bb6383829a08ad0224db7761e45c33afa63817923e?s=96&d=mm&r=g\",\"url\":\"https:\\\/\\\/secure.gravatar.com\\\/avatar\\\/87869a587a8496c2c5bfc8bb6383829a08ad0224db7761e45c33afa63817923e?s=96&d=mm&r=g\",\"contentUrl\":\"https:\\\/\\\/secure.gravatar.com\\\/avatar\\\/87869a587a8496c2c5bfc8bb6383829a08ad0224db7761e45c33afa63817923e?s=96&d=mm&r=g\",\"caption\":\"furrerhugi_dt\"},\"sameAs\":[\"http:\\\/\\\/sanuvazo.cyon.site\"],\"url\":\"https:\\\/\\\/lorenzhess.ch\\\/fr\\\/author\\\/furrerhugi_dt\\\/\"}]}<\/script>\n<!-- \/ Yoast SEO plugin. -->","yoast_head_json":{"title":"Kostenbremse-Initiative - Lorenz Hess - Die Mitte","description":"eit Jahren steigen die Krankenkassenpr\u00e4mien st\u00e4rker als der Lohn und reissen ein immer gr\u00f6sseres Loch in unser Budget.","robots":{"index":"index","follow":"follow","max-snippet":"max-snippet:-1","max-image-preview":"max-image-preview:large","max-video-preview":"max-video-preview:-1"},"canonical":"https:\/\/lorenzhess.ch\/fr\/2023\/06\/06\/kostenbremse-initiative\/","og_locale":"fr_FR","og_type":"article","og_title":"Kostenbremse-Initiative","og_description":"eit Jahren steigen die Krankenkassenpr\u00e4mien st\u00e4rker als der Lohn und reissen ein immer gr\u00f6sseres Loch in unser Budget. Schuld daran sind die \u00fcberbordenden Kosten im Gesundheitswesen.","og_url":"https:\/\/lorenzhess.ch\/fr\/2023\/06\/06\/kostenbremse-initiative\/","og_site_name":"Lorenz Hess - Die Mitte","article_published_time":"2023-06-06T14:13:39+00:00","article_modified_time":"2023-06-06T17:18:14+00:00","og_image":[{"url":"https:\/\/lorenzhess.ch\/wp-content\/uploads\/2023\/06\/Lorenz_Hess_Kostenbremse-300x300.png","type":"","width":"","height":""}],"author":"furrerhugi_dt","twitter_card":"summary_large_image","twitter_title":"Kostenbremse-Initiative","twitter_description":"eit Jahren steigen die Krankenkassenpr\u00e4mien st\u00e4rker als der Lohn und reissen ein immer gr\u00f6sseres Loch in unser Budget. Schuld daran sind die \u00fcberbordenden Kosten im Gesundheitswesen.","twitter_image":"https:\/\/lorenzhess.ch\/wp-content\/uploads\/2023\/06\/Lorenz_Hess_Kostenbremse-634x430.png","schema":{"@context":"https:\/\/schema.org","@graph":[{"@type":"Article","@id":"https:\/\/lorenzhess.ch\/fr\/2023\/06\/06\/kostenbremse-initiative\/#article","isPartOf":{"@id":"https:\/\/lorenzhess.ch\/fr\/2023\/06\/06\/kostenbremse-initiative\/"},"author":{"name":"furrerhugi_dt","@id":"https:\/\/lorenzhess.ch\/fr\/#\/schema\/person\/0f7d94864c70f7779b1613c607ff3a77"},"headline":"Kostenbremse-Initiative","datePublished":"2023-06-06T14:13:39+00:00","dateModified":"2023-06-06T17:18:14+00:00","mainEntityOfPage":{"@id":"https:\/\/lorenzhess.ch\/fr\/2023\/06\/06\/kostenbremse-initiative\/"},"wordCount":1425,"image":{"@id":"https:\/\/lorenzhess.ch\/fr\/2023\/06\/06\/kostenbremse-initiative\/#primaryimage"},"thumbnailUrl":"https:\/\/lorenzhess.ch\/wp-content\/uploads\/2023\/06\/Lorenz_Hess_Kostenbremse.png","keywords":["landscape"],"articleSection":["Dans les m\u00e9dias"],"inLanguage":"fr-FR"},{"@type":"WebPage","@id":"https:\/\/lorenzhess.ch\/fr\/2023\/06\/06\/kostenbremse-initiative\/","url":"https:\/\/lorenzhess.ch\/fr\/2023\/06\/06\/kostenbremse-initiative\/","name":"Kostenbremse-Initiative - Lorenz Hess - Die Mitte","isPartOf":{"@id":"https:\/\/lorenzhess.ch\/fr\/#website"},"primaryImageOfPage":{"@id":"https:\/\/lorenzhess.ch\/fr\/2023\/06\/06\/kostenbremse-initiative\/#primaryimage"},"image":{"@id":"https:\/\/lorenzhess.ch\/fr\/2023\/06\/06\/kostenbremse-initiative\/#primaryimage"},"thumbnailUrl":"https:\/\/lorenzhess.ch\/wp-content\/uploads\/2023\/06\/Lorenz_Hess_Kostenbremse.png","datePublished":"2023-06-06T14:13:39+00:00","dateModified":"2023-06-06T17:18:14+00:00","author":{"@id":"https:\/\/lorenzhess.ch\/fr\/#\/schema\/person\/0f7d94864c70f7779b1613c607ff3a77"},"description":"eit Jahren steigen die Krankenkassenpr\u00e4mien st\u00e4rker als der Lohn und reissen ein immer gr\u00f6sseres Loch in unser Budget.","breadcrumb":{"@id":"https:\/\/lorenzhess.ch\/fr\/2023\/06\/06\/kostenbremse-initiative\/#breadcrumb"},"inLanguage":"fr-FR","potentialAction":[{"@type":"ReadAction","target":["https:\/\/lorenzhess.ch\/fr\/2023\/06\/06\/kostenbremse-initiative\/"]}]},{"@type":"ImageObject","inLanguage":"fr-FR","@id":"https:\/\/lorenzhess.ch\/fr\/2023\/06\/06\/kostenbremse-initiative\/#primaryimage","url":"https:\/\/lorenzhess.ch\/wp-content\/uploads\/2023\/06\/Lorenz_Hess_Kostenbremse.png","contentUrl":"https:\/\/lorenzhess.ch\/wp-content\/uploads\/2023\/06\/Lorenz_Hess_Kostenbremse.png","width":634,"height":637},{"@type":"BreadcrumbList","@id":"https:\/\/lorenzhess.ch\/fr\/2023\/06\/06\/kostenbremse-initiative\/#breadcrumb","itemListElement":[{"@type":"ListItem","position":1,"name":"Home","item":"https:\/\/lorenzhess.ch\/fr\/"},{"@type":"ListItem","position":2,"name":"Kostenbremse-Initiative"}]},{"@type":"WebSite","@id":"https:\/\/lorenzhess.ch\/fr\/#website","url":"https:\/\/lorenzhess.ch\/fr\/","name":"Lorenz Hess - Die Mitte","description":"B\u00fcrgerlich denken. Nachhaltig handeln.","potentialAction":[{"@type":"SearchAction","target":{"@type":"EntryPoint","urlTemplate":"https:\/\/lorenzhess.ch\/fr\/?s={search_term_string}"},"query-input":{"@type":"PropertyValueSpecification","valueRequired":true,"valueName":"search_term_string"}}],"inLanguage":"fr-FR"},{"@type":"Person","@id":"https:\/\/lorenzhess.ch\/fr\/#\/schema\/person\/0f7d94864c70f7779b1613c607ff3a77","name":"furrerhugi_dt","image":{"@type":"ImageObject","inLanguage":"fr-FR","@id":"https:\/\/secure.gravatar.com\/avatar\/87869a587a8496c2c5bfc8bb6383829a08ad0224db7761e45c33afa63817923e?s=96&d=mm&r=g","url":"https:\/\/secure.gravatar.com\/avatar\/87869a587a8496c2c5bfc8bb6383829a08ad0224db7761e45c33afa63817923e?s=96&d=mm&r=g","contentUrl":"https:\/\/secure.gravatar.com\/avatar\/87869a587a8496c2c5bfc8bb6383829a08ad0224db7761e45c33afa63817923e?s=96&d=mm&r=g","caption":"furrerhugi_dt"},"sameAs":["http:\/\/sanuvazo.cyon.site"],"url":"https:\/\/lorenzhess.ch\/fr\/author\/furrerhugi_dt\/"}]}},"_links":{"self":[{"href":"https:\/\/lorenzhess.ch\/fr\/wp-json\/wp\/v2\/posts\/2797","targetHints":{"allow":["GET"]}}],"collection":[{"href":"https:\/\/lorenzhess.ch\/fr\/wp-json\/wp\/v2\/posts"}],"about":[{"href":"https:\/\/lorenzhess.ch\/fr\/wp-json\/wp\/v2\/types\/post"}],"author":[{"embeddable":true,"href":"https:\/\/lorenzhess.ch\/fr\/wp-json\/wp\/v2\/users\/1"}],"replies":[{"embeddable":true,"href":"https:\/\/lorenzhess.ch\/fr\/wp-json\/wp\/v2\/comments?post=2797"}],"version-history":[{"count":3,"href":"https:\/\/lorenzhess.ch\/fr\/wp-json\/wp\/v2\/posts\/2797\/revisions"}],"predecessor-version":[{"id":2800,"href":"https:\/\/lorenzhess.ch\/fr\/wp-json\/wp\/v2\/posts\/2797\/revisions\/2800"}],"wp:featuredmedia":[{"embeddable":true,"href":"https:\/\/lorenzhess.ch\/fr\/wp-json\/wp\/v2\/media\/2793"}],"wp:attachment":[{"href":"https:\/\/lorenzhess.ch\/fr\/wp-json\/wp\/v2\/media?parent=2797"}],"wp:term":[{"taxonomy":"category","embeddable":true,"href":"https:\/\/lorenzhess.ch\/fr\/wp-json\/wp\/v2\/categories?post=2797"},{"taxonomy":"post_tag","embeddable":true,"href":"https:\/\/lorenzhess.ch\/fr\/wp-json\/wp\/v2\/tags?post=2797"}],"curies":[{"name":"wp","href":"https:\/\/api.w.org\/{rel}","templated":true}]}}