{"id":2811,"date":"2023-06-06T19:13:49","date_gmt":"2023-06-06T17:13:49","guid":{"rendered":"https:\/\/lorenzhess.ch\/2023\/06\/06\/des-entreprises-engagent-des-proches-aidants-et-leur-versent-un-salaire\/"},"modified":"2023-06-06T19:16:24","modified_gmt":"2023-06-06T17:16:24","slug":"des-entreprises-engagent-des-proches-aidants-et-leur-versent-un-salaire","status":"publish","type":"post","link":"https:\/\/lorenzhess.ch\/fr\/2023\/06\/06\/des-entreprises-engagent-des-proches-aidants-et-leur-versent-un-salaire\/","title":{"rendered":"Des entreprises engagent des proches aidants et leur versent un salaire"},"content":{"rendered":"<div id='av_section_1'  class='avia-section av-6cy34k-3c03432518135753f09324b9cafc351c main_color avia-section-default avia-no-border-styling  avia-builder-el-0  el_before_av_section  avia-builder-el-first  av-small-hide av-mini-hide avia-bg-style-scroll container_wrap sidebar_right'  ><div class='container av-section-cont-open' ><main  role=\"main\" itemprop=\"mainContentOfPage\"  class='template-page content  av-content-small alpha units'><div class='post-entry post-entry-type-page post-entry-2811'><div class='entry-content-wrapper clearfix'>\n\n<style type=\"text\/css\" data-created_by=\"avia_inline_auto\" id=\"style-css-av-42s1xg-8deed16babc4752dc8331137b93f2e59\">\n.flex_column.av-42s1xg-8deed16babc4752dc8331137b93f2e59{\npadding:0 0 0 149px;\n}\n<\/style>\n<div class='flex_column av-42s1xg-8deed16babc4752dc8331137b93f2e59 av_one_full  avia-builder-el-1  avia-builder-el-no-sibling  first flex_column_div '     ><section  class='av_textblock_section av-likjg982-eec2e520c734e85dd7c0b493fa2373ac'  itemscope=\"itemscope\" itemtype=\"https:\/\/schema.org\/BlogPosting\" itemprop=\"blogPost\" ><div class='avia_textblock'  itemprop=\"text\" ><h1 class=\"sc-42b0166d-0 cZfpYG\"><span class=\"sc-4037208f-0 hYqQSP\">Des entreprises engagent des proches aidants et leur versent un salaire<\/span><\/h1>\n<p>Si un membre de la famille est \u00e2g\u00e9, fragile ou physiquement handicap\u00e9, ce sont souvent les proches qui s&rsquo;en occupent. Beaucoup d&rsquo;entre eux le font gratuitement. Ils r\u00e9duisent leur temps de travail dans leur emploi habituel pour aider. Il en r\u00e9sulte des pertes de salaire et de pr\u00e9voyance vieillesse.<\/p>\n<p>Kenny Kunz a voulu aider et a fond\u00e9 Asfam. Cette organisation priv\u00e9e emploie des proches aidants. Ainsi, lorsque la m\u00e8re est soign\u00e9e, le fils obtient un contrat de travail et un salaire. Les entreprises qui se cachent derri\u00e8re facturent ensuite les prestations de soins aux caisses d&rsquo;assurance maladie et \u00e0 l&rsquo;\u00c9tat. De telles embauches sont \u00e9galement possibles dans les services d&rsquo;aide et de soins \u00e0 domicile.<\/p>\n<p>\u00abQue des proches soignent leurs parents est en fait le cas id\u00e9al. Mais il ne faut pas qu&rsquo;ils soient utilis\u00e9s comme de faux employ\u00e9s\u00bb, d\u00e9clare-t-il. Les d\u00e9tracteurs de ce syst\u00e8me ont donc d\u00e9pos\u00e9 des interventions au Parlement.<\/p>\n<div class=\"Article_elementTextblockarray__PafgJ\"><\/div>\n<p><a href=\"https:\/\/www.blick.ch\/fr\/news\/suisse\/cette-methode-fait-jaser-des-entreprises-engagent-des-proches-aidants-et-leur-versent-un-salaire-id18624848.html\" target=\"_blank\" rel=\"noopener\">Article sur blick.ch<\/a><\/p>\n<\/div><\/section><br \/>\n\n<style type=\"text\/css\" data-created_by=\"avia_inline_auto\" id=\"style-css-av-likjgkxj-936470a3ea76c7aaa1738cdfb37c350c\">\n.avia-image-container.av-likjgkxj-936470a3ea76c7aaa1738cdfb37c350c img.avia_image{\nbox-shadow:none;\n}\n.avia-image-container.av-likjgkxj-936470a3ea76c7aaa1738cdfb37c350c .av-image-caption-overlay-center{\ncolor:#ffffff;\n}\n<\/style>\n<div  class='avia-image-container av-likjgkxj-936470a3ea76c7aaa1738cdfb37c350c av-styling- avia-align-left  avia-builder-el-3  el_after_av_textblock  el_before_av_social_share '   itemprop=\"image\" itemscope=\"itemscope\" itemtype=\"https:\/\/schema.org\/ImageObject\" ><div class=\"avia-image-container-inner\"><div class=\"avia-image-overlay-wrap\"><img decoding=\"async\" class='wp-image-2802 avia-img-lazy-loading-not-2802 avia_image ' src=\"https:\/\/lorenzhess.ch\/wp-content\/uploads\/2023\/06\/proches_aidant.png\" alt='' title='proches_aidant'  height=\"640\" width=\"969\"  itemprop=\"thumbnailUrl\" srcset=\"https:\/\/lorenzhess.ch\/wp-content\/uploads\/2023\/06\/proches_aidant.png 969w, https:\/\/lorenzhess.ch\/wp-content\/uploads\/2023\/06\/proches_aidant-300x198.png 300w, https:\/\/lorenzhess.ch\/wp-content\/uploads\/2023\/06\/proches_aidant-768x507.png 768w, https:\/\/lorenzhess.ch\/wp-content\/uploads\/2023\/06\/proches_aidant-705x466.png 705w\" sizes=\"(max-width: 969px) 100vw, 969px\" \/><\/div><\/div><\/div><br \/>\n<div  class='av-social-sharing-box av-35pupg-a2953d1c99fc5273b16ee9e99b5e18e1 av-social-sharing-box-icon  avia-builder-el-4  el_after_av_image  avia-builder-el-last  av-social-sharing-box-same-width'><div class=\"av-share-box\"><ul class=\"av-share-box-list noLightbox\"><li class='av-share-link av-social-link-facebook' ><a target=\"_blank\" aria-label=\"Partager sur Facebook\" href=\"https:\/\/www.facebook.com\/sharer.php?u=https:\/\/lorenzhess.ch\/fr\/2023\/06\/06\/des-entreprises-engagent-des-proches-aidants-et-leur-versent-un-salaire\/&amp;t=Des%20entreprises%20engagent%20des%20proches%20aidants%20et%20leur%20versent%20un%20salaire\" aria-hidden=\"false\" data-av_icon=\"\ue8f3\" data-av_iconfont=\"entypo-fontello\" title=\"\" data-avia-related-tooltip=\"Partager sur Facebook\" rel=\"noopener\"><span class='avia_hidden_link_text'>Partager sur Facebook<\/span><\/a><\/li><li class='av-share-link av-social-link-twitter' ><a target=\"_blank\" aria-label=\"Partager sur Twitter\" href=\"https:\/\/twitter.com\/share?text=Des%20entreprises%20engagent%20des%20proches%20aidants%20et%20leur%20versent%20un%20salaire&amp;url=https:\/\/lorenzhess.ch\/fr\/?p=2811\" aria-hidden=\"false\" data-av_icon=\"\ue8f1\" data-av_iconfont=\"entypo-fontello\" title=\"\" data-avia-related-tooltip=\"Partager sur Twitter\" rel=\"noopener\"><span class='avia_hidden_link_text'>Partager sur Twitter<\/span><\/a><\/li><li class='av-share-link av-social-link-linkedin' ><a target=\"_blank\" aria-label=\"Partager sur LinkedIn\" href=\"https:\/\/linkedin.com\/shareArticle?mini=true&amp;title=Des%20entreprises%20engagent%20des%20proches%20aidants%20et%20leur%20versent%20un%20salaire&amp;url=https:\/\/lorenzhess.ch\/fr\/2023\/06\/06\/des-entreprises-engagent-des-proches-aidants-et-leur-versent-un-salaire\/\" aria-hidden=\"false\" data-av_icon=\"\ue8fc\" data-av_iconfont=\"entypo-fontello\" title=\"\" data-avia-related-tooltip=\"Partager sur LinkedIn\" rel=\"noopener\"><span class='avia_hidden_link_text'>Partager sur LinkedIn<\/span><\/a><\/li><\/ul><\/div><\/div><\/p><\/div>\n\n<\/div><\/div><\/main><!-- close content main element --><\/div><\/div><div id='av_section_2'  class='avia-section av-likjkobn-82c42380cd5df670e51c661ddfe56fb5 main_color avia-section-default avia-no-border-styling  avia-builder-el-5  el_after_av_section  avia-builder-el-last  av-desktop-hide av-medium-hide avia-bg-style-scroll container_wrap sidebar_right'  ><div class='container av-section-cont-open' ><div class='template-page content  av-content-small alpha units'><div class='post-entry post-entry-type-page post-entry-2811'><div class='entry-content-wrapper clearfix'>\n<div class='flex_column av-likjkuuh-e702bf5b23916ec8c21950cd0d615b1e av_one_full  avia-builder-el-6  avia-builder-el-no-sibling  first flex_column_div '     ><section  class='av_textblock_section av-av_textblock-7a1af7d8f9790576b1769c0a9f0449ed'  itemscope=\"itemscope\" itemtype=\"https:\/\/schema.org\/BlogPosting\" itemprop=\"blogPost\" ><div class='avia_textblock'  itemprop=\"text\" ><h1 class=\"sc-42b0166d-0 cZfpYG\"><span class=\"sc-4037208f-0 hYqQSP\">Des entreprises engagent des proches aidants et leur versent un salaire<\/span><\/h1>\n<p>Si un membre de la famille est \u00e2g\u00e9, fragile ou physiquement handicap\u00e9, ce sont souvent les proches qui s&rsquo;en occupent. Beaucoup d&rsquo;entre eux le font gratuitement. Ils r\u00e9duisent leur temps de travail dans leur emploi habituel pour aider. Il en r\u00e9sulte des pertes de salaire et de pr\u00e9voyance vieillesse.<\/p>\n<p>Kenny Kunz a voulu aider et a fond\u00e9 Asfam. Cette organisation priv\u00e9e emploie des proches aidants. Ainsi, lorsque la m\u00e8re est soign\u00e9e, le fils obtient un contrat de travail et un salaire. Les entreprises qui se cachent derri\u00e8re facturent ensuite les prestations de soins aux caisses d&rsquo;assurance maladie et \u00e0 l&rsquo;\u00c9tat. De telles embauches sont \u00e9galement possibles dans les services d&rsquo;aide et de soins \u00e0 domicile.<\/p>\n<p>\u00abQue des proches soignent leurs parents est en fait le cas id\u00e9al. Mais il ne faut pas qu&rsquo;ils soient utilis\u00e9s comme de faux employ\u00e9s\u00bb, d\u00e9clare-t-il. Les d\u00e9tracteurs de ce syst\u00e8me ont donc d\u00e9pos\u00e9 des interventions au Parlement.<\/p>\n<div class=\"Article_elementTextblockarray__PafgJ\"><\/div>\n<p><a href=\"https:\/\/www.blick.ch\/fr\/news\/suisse\/cette-methode-fait-jaser-des-entreprises-engagent-des-proches-aidants-et-leur-versent-un-salaire-id18624848.html\" target=\"_blank\" rel=\"noopener\">Article sur blick.ch<\/a><\/p>\n<\/div><\/section><br \/>\n\n<style type=\"text\/css\" data-created_by=\"avia_inline_auto\" id=\"style-css-av-av_image-e372468d0d7bda27294c89238546dccc\">\n.avia-image-container.av-av_image-e372468d0d7bda27294c89238546dccc img.avia_image{\nbox-shadow:none;\n}\n.avia-image-container.av-av_image-e372468d0d7bda27294c89238546dccc .av-image-caption-overlay-center{\ncolor:#ffffff;\n}\n<\/style>\n<div  class='avia-image-container av-av_image-e372468d0d7bda27294c89238546dccc av-styling- avia-align-left  avia-builder-el-8  el_after_av_textblock  el_before_av_social_share '   itemprop=\"image\" itemscope=\"itemscope\" itemtype=\"https:\/\/schema.org\/ImageObject\" ><div class=\"avia-image-container-inner\"><div class=\"avia-image-overlay-wrap\"><img decoding=\"async\" class='wp-image-2802 avia-img-lazy-loading-not-2802 avia_image ' src=\"https:\/\/lorenzhess.ch\/wp-content\/uploads\/2023\/06\/proches_aidant.png\" alt='' title='proches_aidant'  height=\"640\" width=\"969\"  itemprop=\"thumbnailUrl\" srcset=\"https:\/\/lorenzhess.ch\/wp-content\/uploads\/2023\/06\/proches_aidant.png 969w, https:\/\/lorenzhess.ch\/wp-content\/uploads\/2023\/06\/proches_aidant-300x198.png 300w, https:\/\/lorenzhess.ch\/wp-content\/uploads\/2023\/06\/proches_aidant-768x507.png 768w, https:\/\/lorenzhess.ch\/wp-content\/uploads\/2023\/06\/proches_aidant-705x466.png 705w\" sizes=\"(max-width: 969px) 100vw, 969px\" \/><\/div><\/div><\/div><br \/>\n<div  class='av-social-sharing-box av-av_social_share-05ee01bc7f86d6d28e979469eee84a20 av-social-sharing-box-icon  avia-builder-el-9  el_after_av_image  avia-builder-el-last  av-social-sharing-box-same-width'><div class=\"av-share-box\"><ul class=\"av-share-box-list noLightbox\"><li class='av-share-link av-social-link-facebook' ><a target=\"_blank\" aria-label=\"Partager sur Facebook\" href=\"https:\/\/www.facebook.com\/sharer.php?u=https:\/\/lorenzhess.ch\/fr\/2023\/06\/06\/des-entreprises-engagent-des-proches-aidants-et-leur-versent-un-salaire\/&amp;t=Des%20entreprises%20engagent%20des%20proches%20aidants%20et%20leur%20versent%20un%20salaire\" aria-hidden=\"false\" data-av_icon=\"\ue8f3\" data-av_iconfont=\"entypo-fontello\" title=\"\" data-avia-related-tooltip=\"Partager sur Facebook\" rel=\"noopener\"><span class='avia_hidden_link_text'>Partager sur Facebook<\/span><\/a><\/li><li class='av-share-link av-social-link-twitter' ><a target=\"_blank\" aria-label=\"Partager sur Twitter\" href=\"https:\/\/twitter.com\/share?text=Des%20entreprises%20engagent%20des%20proches%20aidants%20et%20leur%20versent%20un%20salaire&amp;url=https:\/\/lorenzhess.ch\/fr\/?p=2811\" aria-hidden=\"false\" data-av_icon=\"\ue8f1\" data-av_iconfont=\"entypo-fontello\" title=\"\" data-avia-related-tooltip=\"Partager sur Twitter\" rel=\"noopener\"><span class='avia_hidden_link_text'>Partager sur Twitter<\/span><\/a><\/li><li class='av-share-link av-social-link-linkedin' ><a target=\"_blank\" aria-label=\"Partager sur LinkedIn\" href=\"https:\/\/linkedin.com\/shareArticle?mini=true&amp;title=Des%20entreprises%20engagent%20des%20proches%20aidants%20et%20leur%20versent%20un%20salaire&amp;url=https:\/\/lorenzhess.ch\/fr\/2023\/06\/06\/des-entreprises-engagent-des-proches-aidants-et-leur-versent-un-salaire\/\" aria-hidden=\"false\" data-av_icon=\"\ue8fc\" data-av_iconfont=\"entypo-fontello\" title=\"\" data-avia-related-tooltip=\"Partager sur LinkedIn\" rel=\"noopener\"><span class='avia_hidden_link_text'>Partager sur LinkedIn<\/span><\/a><\/li><\/ul><\/div><\/div><\/p><\/div><\/div><\/div><\/div><!-- close content main div --><\/div><\/div><div id='after_section_2'  class='main_color av_default_container_wrap container_wrap sidebar_right'  ><div class='container av-section-cont-open' ><div class='template-page content  av-content-small alpha units'><div class='post-entry post-entry-type-page post-entry-2811'><div class='entry-content-wrapper clearfix'>\n","protected":false},"excerpt":{"rendered":"<p>blick.ch<\/p>\n","protected":false},"author":1,"featured_media":2802,"comment_status":"closed","ping_status":"open","sticky":false,"template":"","format":"standard","meta":{"footnotes":""},"categories":[16],"tags":[19],"class_list":["post-2811","post","type-post","status-publish","format-standard","has-post-thumbnail","hentry","category-dans-les-medias","tag-landscape-fr"],"yoast_head":"<!-- This site is optimized with the Yoast SEO plugin v28.4 - https:\/\/yoast.com\/product\/yoast-seo-wordpress\/ -->\n<title>Des entreprises engagent des proches aidants et leur versent un salaire - Lorenz Hess - Die Mitte<\/title>\n<meta name=\"description\" content=\"Que des proches soignent leurs parents est en fait le cas id\u00e9al. Mais il ne faut pas qu&#039;ils soient utilis\u00e9s comme de faux employ\u00e9s.\" \/>\n<meta name=\"robots\" content=\"index, follow, max-snippet:-1, max-image-preview:large, max-video-preview:-1\" \/>\n<link rel=\"canonical\" href=\"https:\/\/lorenzhess.ch\/fr\/2023\/06\/06\/des-entreprises-engagent-des-proches-aidants-et-leur-versent-un-salaire\/\" \/>\n<meta property=\"og:locale\" content=\"fr_FR\" \/>\n<meta property=\"og:type\" content=\"article\" \/>\n<meta property=\"og:title\" content=\"Des entreprises engagent des proches aidants et leur versent un salaire\" \/>\n<meta property=\"og:description\" content=\"Que des proches soignent leurs parents est en fait le cas id\u00e9al. Mais il ne faut pas qu&#039;ils soient utilis\u00e9s comme de faux employ\u00e9s\" \/>\n<meta property=\"og:url\" content=\"https:\/\/lorenzhess.ch\/fr\/2023\/06\/06\/des-entreprises-engagent-des-proches-aidants-et-leur-versent-un-salaire\/\" \/>\n<meta property=\"og:site_name\" content=\"Lorenz Hess - Die Mitte\" \/>\n<meta property=\"article:published_time\" content=\"2023-06-06T17:13:49+00:00\" \/>\n<meta property=\"article:modified_time\" content=\"2023-06-06T17:16:24+00:00\" \/>\n<meta property=\"og:image\" content=\"https:\/\/lorenzhess.ch\/wp-content\/uploads\/2023\/06\/proches_aidant-969x430.png\" \/>\n<meta name=\"author\" content=\"furrerhugi_dt\" \/>\n<meta name=\"twitter:card\" content=\"summary_large_image\" \/>\n<meta name=\"twitter:title\" content=\"Des entreprises engagent des proches aidants et leur versent un salaire\" \/>\n<meta name=\"twitter:description\" content=\"Que des proches soignent leurs parents est en fait le cas id\u00e9al. Mais il ne faut pas qu&#039;ils soient utilis\u00e9s comme de faux employ\u00e9s\" \/>\n<meta name=\"twitter:image\" content=\"https:\/\/lorenzhess.ch\/wp-content\/uploads\/2023\/06\/proches_aidant-969x430.png\" \/>\n<script type=\"application\/ld+json\" class=\"yoast-schema-graph\">{\"@context\":\"https:\\\/\\\/schema.org\",\"@graph\":[{\"@type\":\"Article\",\"@id\":\"https:\\\/\\\/lorenzhess.ch\\\/fr\\\/2023\\\/06\\\/06\\\/des-entreprises-engagent-des-proches-aidants-et-leur-versent-un-salaire\\\/#article\",\"isPartOf\":{\"@id\":\"https:\\\/\\\/lorenzhess.ch\\\/fr\\\/2023\\\/06\\\/06\\\/des-entreprises-engagent-des-proches-aidants-et-leur-versent-un-salaire\\\/\"},\"author\":{\"name\":\"furrerhugi_dt\",\"@id\":\"https:\\\/\\\/lorenzhess.ch\\\/fr\\\/#\\\/schema\\\/person\\\/0f7d94864c70f7779b1613c607ff3a77\"},\"headline\":\"Des entreprises engagent des proches aidants et leur versent un salaire\",\"datePublished\":\"2023-06-06T17:13:49+00:00\",\"dateModified\":\"2023-06-06T17:16:24+00:00\",\"mainEntityOfPage\":{\"@id\":\"https:\\\/\\\/lorenzhess.ch\\\/fr\\\/2023\\\/06\\\/06\\\/des-entreprises-engagent-des-proches-aidants-et-leur-versent-un-salaire\\\/\"},\"wordCount\":2084,\"image\":{\"@id\":\"https:\\\/\\\/lorenzhess.ch\\\/fr\\\/2023\\\/06\\\/06\\\/des-entreprises-engagent-des-proches-aidants-et-leur-versent-un-salaire\\\/#primaryimage\"},\"thumbnailUrl\":\"https:\\\/\\\/lorenzhess.ch\\\/wp-content\\\/uploads\\\/2023\\\/06\\\/proches_aidant.png\",\"keywords\":[\"landscape\"],\"articleSection\":[\"Dans les m\u00e9dias\"],\"inLanguage\":\"fr-FR\"},{\"@type\":\"WebPage\",\"@id\":\"https:\\\/\\\/lorenzhess.ch\\\/fr\\\/2023\\\/06\\\/06\\\/des-entreprises-engagent-des-proches-aidants-et-leur-versent-un-salaire\\\/\",\"url\":\"https:\\\/\\\/lorenzhess.ch\\\/fr\\\/2023\\\/06\\\/06\\\/des-entreprises-engagent-des-proches-aidants-et-leur-versent-un-salaire\\\/\",\"name\":\"Des entreprises engagent des proches aidants et leur versent un salaire - Lorenz Hess - Die Mitte\",\"isPartOf\":{\"@id\":\"https:\\\/\\\/lorenzhess.ch\\\/fr\\\/#website\"},\"primaryImageOfPage\":{\"@id\":\"https:\\\/\\\/lorenzhess.ch\\\/fr\\\/2023\\\/06\\\/06\\\/des-entreprises-engagent-des-proches-aidants-et-leur-versent-un-salaire\\\/#primaryimage\"},\"image\":{\"@id\":\"https:\\\/\\\/lorenzhess.ch\\\/fr\\\/2023\\\/06\\\/06\\\/des-entreprises-engagent-des-proches-aidants-et-leur-versent-un-salaire\\\/#primaryimage\"},\"thumbnailUrl\":\"https:\\\/\\\/lorenzhess.ch\\\/wp-content\\\/uploads\\\/2023\\\/06\\\/proches_aidant.png\",\"datePublished\":\"2023-06-06T17:13:49+00:00\",\"dateModified\":\"2023-06-06T17:16:24+00:00\",\"author\":{\"@id\":\"https:\\\/\\\/lorenzhess.ch\\\/fr\\\/#\\\/schema\\\/person\\\/0f7d94864c70f7779b1613c607ff3a77\"},\"description\":\"Que des proches soignent leurs parents est en fait le cas id\u00e9al. Mais il ne faut pas qu'ils soient utilis\u00e9s comme de faux employ\u00e9s.\",\"breadcrumb\":{\"@id\":\"https:\\\/\\\/lorenzhess.ch\\\/fr\\\/2023\\\/06\\\/06\\\/des-entreprises-engagent-des-proches-aidants-et-leur-versent-un-salaire\\\/#breadcrumb\"},\"inLanguage\":\"fr-FR\",\"potentialAction\":[{\"@type\":\"ReadAction\",\"target\":[\"https:\\\/\\\/lorenzhess.ch\\\/fr\\\/2023\\\/06\\\/06\\\/des-entreprises-engagent-des-proches-aidants-et-leur-versent-un-salaire\\\/\"]}]},{\"@type\":\"ImageObject\",\"inLanguage\":\"fr-FR\",\"@id\":\"https:\\\/\\\/lorenzhess.ch\\\/fr\\\/2023\\\/06\\\/06\\\/des-entreprises-engagent-des-proches-aidants-et-leur-versent-un-salaire\\\/#primaryimage\",\"url\":\"https:\\\/\\\/lorenzhess.ch\\\/wp-content\\\/uploads\\\/2023\\\/06\\\/proches_aidant.png\",\"contentUrl\":\"https:\\\/\\\/lorenzhess.ch\\\/wp-content\\\/uploads\\\/2023\\\/06\\\/proches_aidant.png\",\"width\":969,\"height\":640},{\"@type\":\"BreadcrumbList\",\"@id\":\"https:\\\/\\\/lorenzhess.ch\\\/fr\\\/2023\\\/06\\\/06\\\/des-entreprises-engagent-des-proches-aidants-et-leur-versent-un-salaire\\\/#breadcrumb\",\"itemListElement\":[{\"@type\":\"ListItem\",\"position\":1,\"name\":\"Home\",\"item\":\"https:\\\/\\\/lorenzhess.ch\\\/fr\\\/\"},{\"@type\":\"ListItem\",\"position\":2,\"name\":\"Des entreprises engagent des proches aidants et leur versent un salaire\"}]},{\"@type\":\"WebSite\",\"@id\":\"https:\\\/\\\/lorenzhess.ch\\\/fr\\\/#website\",\"url\":\"https:\\\/\\\/lorenzhess.ch\\\/fr\\\/\",\"name\":\"Lorenz Hess - Die Mitte\",\"description\":\"B\u00fcrgerlich denken. Nachhaltig handeln.\",\"potentialAction\":[{\"@type\":\"SearchAction\",\"target\":{\"@type\":\"EntryPoint\",\"urlTemplate\":\"https:\\\/\\\/lorenzhess.ch\\\/fr\\\/?s={search_term_string}\"},\"query-input\":{\"@type\":\"PropertyValueSpecification\",\"valueRequired\":true,\"valueName\":\"search_term_string\"}}],\"inLanguage\":\"fr-FR\"},{\"@type\":\"Person\",\"@id\":\"https:\\\/\\\/lorenzhess.ch\\\/fr\\\/#\\\/schema\\\/person\\\/0f7d94864c70f7779b1613c607ff3a77\",\"name\":\"furrerhugi_dt\",\"image\":{\"@type\":\"ImageObject\",\"inLanguage\":\"fr-FR\",\"@id\":\"https:\\\/\\\/secure.gravatar.com\\\/avatar\\\/87869a587a8496c2c5bfc8bb6383829a08ad0224db7761e45c33afa63817923e?s=96&d=mm&r=g\",\"url\":\"https:\\\/\\\/secure.gravatar.com\\\/avatar\\\/87869a587a8496c2c5bfc8bb6383829a08ad0224db7761e45c33afa63817923e?s=96&d=mm&r=g\",\"contentUrl\":\"https:\\\/\\\/secure.gravatar.com\\\/avatar\\\/87869a587a8496c2c5bfc8bb6383829a08ad0224db7761e45c33afa63817923e?s=96&d=mm&r=g\",\"caption\":\"furrerhugi_dt\"},\"sameAs\":[\"http:\\\/\\\/sanuvazo.cyon.site\"],\"url\":\"https:\\\/\\\/lorenzhess.ch\\\/fr\\\/author\\\/furrerhugi_dt\\\/\"}]}<\/script>\n<!-- \/ Yoast SEO plugin. -->","yoast_head_json":{"title":"Des entreprises engagent des proches aidants et leur versent un salaire - Lorenz Hess - Die Mitte","description":"Que des proches soignent leurs parents est en fait le cas id\u00e9al. Mais il ne faut pas qu'ils soient utilis\u00e9s comme de faux employ\u00e9s.","robots":{"index":"index","follow":"follow","max-snippet":"max-snippet:-1","max-image-preview":"max-image-preview:large","max-video-preview":"max-video-preview:-1"},"canonical":"https:\/\/lorenzhess.ch\/fr\/2023\/06\/06\/des-entreprises-engagent-des-proches-aidants-et-leur-versent-un-salaire\/","og_locale":"fr_FR","og_type":"article","og_title":"Des entreprises engagent des proches aidants et leur versent un salaire","og_description":"Que des proches soignent leurs parents est en fait le cas id\u00e9al. Mais il ne faut pas qu'ils soient utilis\u00e9s comme de faux employ\u00e9s","og_url":"https:\/\/lorenzhess.ch\/fr\/2023\/06\/06\/des-entreprises-engagent-des-proches-aidants-et-leur-versent-un-salaire\/","og_site_name":"Lorenz Hess - Die Mitte","article_published_time":"2023-06-06T17:13:49+00:00","article_modified_time":"2023-06-06T17:16:24+00:00","og_image":[{"url":"https:\/\/lorenzhess.ch\/wp-content\/uploads\/2023\/06\/proches_aidant-969x430.png","type":"","width":"","height":""}],"author":"furrerhugi_dt","twitter_card":"summary_large_image","twitter_title":"Des entreprises engagent des proches aidants et leur versent un salaire","twitter_description":"Que des proches soignent leurs parents est en fait le cas id\u00e9al. Mais il ne faut pas qu'ils soient utilis\u00e9s comme de faux employ\u00e9s","twitter_image":"https:\/\/lorenzhess.ch\/wp-content\/uploads\/2023\/06\/proches_aidant-969x430.png","schema":{"@context":"https:\/\/schema.org","@graph":[{"@type":"Article","@id":"https:\/\/lorenzhess.ch\/fr\/2023\/06\/06\/des-entreprises-engagent-des-proches-aidants-et-leur-versent-un-salaire\/#article","isPartOf":{"@id":"https:\/\/lorenzhess.ch\/fr\/2023\/06\/06\/des-entreprises-engagent-des-proches-aidants-et-leur-versent-un-salaire\/"},"author":{"name":"furrerhugi_dt","@id":"https:\/\/lorenzhess.ch\/fr\/#\/schema\/person\/0f7d94864c70f7779b1613c607ff3a77"},"headline":"Des entreprises engagent des proches aidants et leur versent un salaire","datePublished":"2023-06-06T17:13:49+00:00","dateModified":"2023-06-06T17:16:24+00:00","mainEntityOfPage":{"@id":"https:\/\/lorenzhess.ch\/fr\/2023\/06\/06\/des-entreprises-engagent-des-proches-aidants-et-leur-versent-un-salaire\/"},"wordCount":2084,"image":{"@id":"https:\/\/lorenzhess.ch\/fr\/2023\/06\/06\/des-entreprises-engagent-des-proches-aidants-et-leur-versent-un-salaire\/#primaryimage"},"thumbnailUrl":"https:\/\/lorenzhess.ch\/wp-content\/uploads\/2023\/06\/proches_aidant.png","keywords":["landscape"],"articleSection":["Dans les m\u00e9dias"],"inLanguage":"fr-FR"},{"@type":"WebPage","@id":"https:\/\/lorenzhess.ch\/fr\/2023\/06\/06\/des-entreprises-engagent-des-proches-aidants-et-leur-versent-un-salaire\/","url":"https:\/\/lorenzhess.ch\/fr\/2023\/06\/06\/des-entreprises-engagent-des-proches-aidants-et-leur-versent-un-salaire\/","name":"Des entreprises engagent des proches aidants et leur versent un salaire - Lorenz Hess - Die Mitte","isPartOf":{"@id":"https:\/\/lorenzhess.ch\/fr\/#website"},"primaryImageOfPage":{"@id":"https:\/\/lorenzhess.ch\/fr\/2023\/06\/06\/des-entreprises-engagent-des-proches-aidants-et-leur-versent-un-salaire\/#primaryimage"},"image":{"@id":"https:\/\/lorenzhess.ch\/fr\/2023\/06\/06\/des-entreprises-engagent-des-proches-aidants-et-leur-versent-un-salaire\/#primaryimage"},"thumbnailUrl":"https:\/\/lorenzhess.ch\/wp-content\/uploads\/2023\/06\/proches_aidant.png","datePublished":"2023-06-06T17:13:49+00:00","dateModified":"2023-06-06T17:16:24+00:00","author":{"@id":"https:\/\/lorenzhess.ch\/fr\/#\/schema\/person\/0f7d94864c70f7779b1613c607ff3a77"},"description":"Que des proches soignent leurs parents est en fait le cas id\u00e9al. Mais il ne faut pas qu'ils soient utilis\u00e9s comme de faux employ\u00e9s.","breadcrumb":{"@id":"https:\/\/lorenzhess.ch\/fr\/2023\/06\/06\/des-entreprises-engagent-des-proches-aidants-et-leur-versent-un-salaire\/#breadcrumb"},"inLanguage":"fr-FR","potentialAction":[{"@type":"ReadAction","target":["https:\/\/lorenzhess.ch\/fr\/2023\/06\/06\/des-entreprises-engagent-des-proches-aidants-et-leur-versent-un-salaire\/"]}]},{"@type":"ImageObject","inLanguage":"fr-FR","@id":"https:\/\/lorenzhess.ch\/fr\/2023\/06\/06\/des-entreprises-engagent-des-proches-aidants-et-leur-versent-un-salaire\/#primaryimage","url":"https:\/\/lorenzhess.ch\/wp-content\/uploads\/2023\/06\/proches_aidant.png","contentUrl":"https:\/\/lorenzhess.ch\/wp-content\/uploads\/2023\/06\/proches_aidant.png","width":969,"height":640},{"@type":"BreadcrumbList","@id":"https:\/\/lorenzhess.ch\/fr\/2023\/06\/06\/des-entreprises-engagent-des-proches-aidants-et-leur-versent-un-salaire\/#breadcrumb","itemListElement":[{"@type":"ListItem","position":1,"name":"Home","item":"https:\/\/lorenzhess.ch\/fr\/"},{"@type":"ListItem","position":2,"name":"Des entreprises engagent des proches aidants et leur versent un salaire"}]},{"@type":"WebSite","@id":"https:\/\/lorenzhess.ch\/fr\/#website","url":"https:\/\/lorenzhess.ch\/fr\/","name":"Lorenz Hess - Die Mitte","description":"B\u00fcrgerlich denken. Nachhaltig handeln.","potentialAction":[{"@type":"SearchAction","target":{"@type":"EntryPoint","urlTemplate":"https:\/\/lorenzhess.ch\/fr\/?s={search_term_string}"},"query-input":{"@type":"PropertyValueSpecification","valueRequired":true,"valueName":"search_term_string"}}],"inLanguage":"fr-FR"},{"@type":"Person","@id":"https:\/\/lorenzhess.ch\/fr\/#\/schema\/person\/0f7d94864c70f7779b1613c607ff3a77","name":"furrerhugi_dt","image":{"@type":"ImageObject","inLanguage":"fr-FR","@id":"https:\/\/secure.gravatar.com\/avatar\/87869a587a8496c2c5bfc8bb6383829a08ad0224db7761e45c33afa63817923e?s=96&d=mm&r=g","url":"https:\/\/secure.gravatar.com\/avatar\/87869a587a8496c2c5bfc8bb6383829a08ad0224db7761e45c33afa63817923e?s=96&d=mm&r=g","contentUrl":"https:\/\/secure.gravatar.com\/avatar\/87869a587a8496c2c5bfc8bb6383829a08ad0224db7761e45c33afa63817923e?s=96&d=mm&r=g","caption":"furrerhugi_dt"},"sameAs":["http:\/\/sanuvazo.cyon.site"],"url":"https:\/\/lorenzhess.ch\/fr\/author\/furrerhugi_dt\/"}]}},"_links":{"self":[{"href":"https:\/\/lorenzhess.ch\/fr\/wp-json\/wp\/v2\/posts\/2811","targetHints":{"allow":["GET"]}}],"collection":[{"href":"https:\/\/lorenzhess.ch\/fr\/wp-json\/wp\/v2\/posts"}],"about":[{"href":"https:\/\/lorenzhess.ch\/fr\/wp-json\/wp\/v2\/types\/post"}],"author":[{"embeddable":true,"href":"https:\/\/lorenzhess.ch\/fr\/wp-json\/wp\/v2\/users\/1"}],"replies":[{"embeddable":true,"href":"https:\/\/lorenzhess.ch\/fr\/wp-json\/wp\/v2\/comments?post=2811"}],"version-history":[{"count":3,"href":"https:\/\/lorenzhess.ch\/fr\/wp-json\/wp\/v2\/posts\/2811\/revisions"}],"predecessor-version":[{"id":2814,"href":"https:\/\/lorenzhess.ch\/fr\/wp-json\/wp\/v2\/posts\/2811\/revisions\/2814"}],"wp:featuredmedia":[{"embeddable":true,"href":"https:\/\/lorenzhess.ch\/fr\/wp-json\/wp\/v2\/media\/2802"}],"wp:attachment":[{"href":"https:\/\/lorenzhess.ch\/fr\/wp-json\/wp\/v2\/media?parent=2811"}],"wp:term":[{"taxonomy":"category","embeddable":true,"href":"https:\/\/lorenzhess.ch\/fr\/wp-json\/wp\/v2\/categories?post=2811"},{"taxonomy":"post_tag","embeddable":true,"href":"https:\/\/lorenzhess.ch\/fr\/wp-json\/wp\/v2\/tags?post=2811"}],"curies":[{"name":"wp","href":"https:\/\/api.w.org\/{rel}","templated":true}]}}