{"id":2834,"date":"2023-06-08T14:09:58","date_gmt":"2023-06-08T12:09:58","guid":{"rendered":"https:\/\/lorenzhess.ch\/2023\/06\/08\/visana-und-atupri-schliessen-sich-zusammen\/"},"modified":"2023-06-08T14:12:54","modified_gmt":"2023-06-08T12:12:54","slug":"visana-und-atupri-schliessen-sich-zusammen","status":"publish","type":"post","link":"https:\/\/lorenzhess.ch\/fr\/2023\/06\/08\/visana-und-atupri-schliessen-sich-zusammen\/","title":{"rendered":"Visana und Atupri schliessen sich zusammen"},"content":{"rendered":"<div id='av_section_1'  class='avia-section av-5ay7bf-e4a0e049fead4ed2035c1daacce9b39b main_color avia-section-default avia-no-border-styling  avia-builder-el-0  el_before_av_section  avia-builder-el-first  av-small-hide av-mini-hide avia-bg-style-scroll container_wrap sidebar_right'  ><div class='container av-section-cont-open' ><main  role=\"main\" itemprop=\"mainContentOfPage\"  class='template-page content  av-content-small alpha units'><div class='post-entry post-entry-type-page post-entry-2834'><div class='entry-content-wrapper clearfix'>\n\n<style type=\"text\/css\" data-created_by=\"avia_inline_auto\" id=\"style-css-av-3u6zej-b59e16d2b5a1d0452df37b06d99f2b55\">\n.flex_column.av-3u6zej-b59e16d2b5a1d0452df37b06d99f2b55{\npadding:0 0 0 149px;\n}\n<\/style>\n<div class='flex_column av-3u6zej-b59e16d2b5a1d0452df37b06d99f2b55 av_one_full  avia-builder-el-1  avia-builder-el-no-sibling  first flex_column_div '     ><section  class='av_textblock_section av-lin3hduc-c9f0bfce3b7c9a98113cef72875b8da8'  itemscope=\"itemscope\" itemtype=\"https:\/\/schema.org\/BlogPosting\" itemprop=\"blogPost\" ><div class='avia_textblock'  itemprop=\"text\" ><h1 class=\"article-title\"><span class=\"article-title__text\">Visana und Atupri schliessen sich zusammen<\/span><\/h1>\n<p><strong>Auf Anfang n\u00e4chsten Jahres schliessen sich die beiden Krankenkassen Visana und Atupri zusammen. Die neue Krankenversicherungsgruppe wird sich \u00abAtusana\u00bb nennen und \u00fcber eine Million Kunden und Kundinnen z\u00e4hlen. Die Fusion muss noch von den Aufsichtsbeh\u00f6rden genehmigt werden.<\/strong><\/p>\n<p>Der Zusammenschluss erfolge als Kombinationsfusion auf Augenh\u00f6he und es entstehe eine schweizweit t\u00e4tige Krankenversicherungsgruppe mit Heimmarkt Espace Mittelland, wird Visana-Verwaltungsratspr\u00e4sident und Mitte-Nationalrat (BE) Lorenz Hess in der Mitteilung zitiert. Insgesamt werde Atusana \u00fcber eine Million Kunden z\u00e4hlen und die Fusion habe keinen Stellenabbau zur Folge. Auch habe der Zusammenschluss keine Auswirkungen auf die Standorte.<\/p>\n<div class=\"Article_elementTextblockarray__PafgJ\"><\/div>\n<p><a href=\"https:\/\/www.srf.ch\/news\/wirtschaft\/krankenkassen-fusion-visana-und-atupri-schliessen-sich-zusammen\" target=\"_blank\" rel=\"noopener\">Artikel auf srf.ch<\/a><\/p>\n<\/div><\/section><br \/>\n\n<style type=\"text\/css\" data-created_by=\"avia_inline_auto\" id=\"style-css-av-lin3hz1n-4f3c2f05668c62b6df4eb7e33f7fd100\">\n.avia-image-container.av-lin3hz1n-4f3c2f05668c62b6df4eb7e33f7fd100 img.avia_image{\nbox-shadow:none;\n}\n.avia-image-container.av-lin3hz1n-4f3c2f05668c62b6df4eb7e33f7fd100 .av-image-caption-overlay-center{\ncolor:#ffffff;\n}\n<\/style>\n<div  class='avia-image-container av-lin3hz1n-4f3c2f05668c62b6df4eb7e33f7fd100 av-styling- avia-align-left  avia-builder-el-3  el_after_av_textblock  el_before_av_social_share '   itemprop=\"image\" itemscope=\"itemscope\" itemtype=\"https:\/\/schema.org\/ImageObject\" ><div class=\"avia-image-container-inner\"><div class=\"avia-image-overlay-wrap\"><img decoding=\"async\" class='wp-image-2829 avia-img-lazy-loading-not-2829 avia_image ' src=\"https:\/\/lorenzhess.ch\/wp-content\/uploads\/2023\/06\/Lorenz_Hess_Atusana.jpg\" alt='' title='Lorenz_Hess_Atusana'  height=\"540\" width=\"960\"  itemprop=\"thumbnailUrl\" srcset=\"https:\/\/lorenzhess.ch\/wp-content\/uploads\/2023\/06\/Lorenz_Hess_Atusana.jpg 960w, https:\/\/lorenzhess.ch\/wp-content\/uploads\/2023\/06\/Lorenz_Hess_Atusana-300x169.jpg 300w, https:\/\/lorenzhess.ch\/wp-content\/uploads\/2023\/06\/Lorenz_Hess_Atusana-768x432.jpg 768w, https:\/\/lorenzhess.ch\/wp-content\/uploads\/2023\/06\/Lorenz_Hess_Atusana-705x397.jpg 705w\" sizes=\"(max-width: 960px) 100vw, 960px\" \/><\/div><\/div><\/div><br \/>\n<div  class='av-social-sharing-box av-34vf1n-5e631ecdbbdf8954747bf0c9af76a0ad av-social-sharing-box-icon  avia-builder-el-4  el_after_av_image  avia-builder-el-last  av-social-sharing-box-same-width'><div class=\"av-share-box\"><ul class=\"av-share-box-list noLightbox\"><li class='av-share-link av-social-link-facebook' ><a target=\"_blank\" aria-label=\"Partager sur Facebook\" href='https:\/\/www.facebook.com\/sharer.php?u=https:\/\/lorenzhess.ch\/fr\/2023\/06\/08\/visana-und-atupri-schliessen-sich-zusammen\/&#038;t=Visana%20und%20Atupri%20schliessen%20sich%20zusammen' aria-hidden='false' data-av_icon='\ue8f3' data-av_iconfont='entypo-fontello' title='' data-avia-related-tooltip='Partager sur Facebook' rel=\"noopener\"><span class='avia_hidden_link_text'>Partager sur Facebook<\/span><\/a><\/li><li class='av-share-link av-social-link-twitter' ><a target=\"_blank\" aria-label=\"Partager sur Twitter\" href='https:\/\/twitter.com\/share?text=Visana%20und%20Atupri%20schliessen%20sich%20zusammen&#038;url=https:\/\/lorenzhess.ch\/fr\/?p=2834' aria-hidden='false' data-av_icon='\ue8f1' data-av_iconfont='entypo-fontello' title='' data-avia-related-tooltip='Partager sur Twitter' rel=\"noopener\"><span class='avia_hidden_link_text'>Partager sur Twitter<\/span><\/a><\/li><li class='av-share-link av-social-link-linkedin' ><a target=\"_blank\" aria-label=\"Partager sur LinkedIn\" href='https:\/\/linkedin.com\/shareArticle?mini=true&#038;title=Visana%20und%20Atupri%20schliessen%20sich%20zusammen&#038;url=https:\/\/lorenzhess.ch\/fr\/2023\/06\/08\/visana-und-atupri-schliessen-sich-zusammen\/' aria-hidden='false' data-av_icon='\ue8fc' data-av_iconfont='entypo-fontello' title='' data-avia-related-tooltip='Partager sur LinkedIn' rel=\"noopener\"><span class='avia_hidden_link_text'>Partager sur LinkedIn<\/span><\/a><\/li><\/ul><\/div><\/div><\/p><\/div>\n\n<\/div><\/div><\/main><!-- close content main element --><\/div><\/div><div id='av_section_2'  class='avia-section av-lin3kznk-4a1ab647ea08285aa74e08daa920b35d main_color avia-section-default avia-no-border-styling  avia-builder-el-5  el_after_av_section  avia-builder-el-last  av-desktop-hide av-medium-hide avia-bg-style-scroll container_wrap sidebar_right'  ><div class='container av-section-cont-open' ><div class='template-page content  av-content-small alpha units'><div class='post-entry post-entry-type-page post-entry-2834'><div class='entry-content-wrapper clearfix'>\n<div class='flex_column av-lin3l6nd-0a67851cdbe2ae25702a4e37aba3ce9a av_one_full  avia-builder-el-6  avia-builder-el-no-sibling  first flex_column_div '     ><section  class='av_textblock_section av-av_textblock-7a1af7d8f9790576b1769c0a9f0449ed'  itemscope=\"itemscope\" itemtype=\"https:\/\/schema.org\/BlogPosting\" itemprop=\"blogPost\" ><div class='avia_textblock'  itemprop=\"text\" ><h1 class=\"article-title\"><span class=\"article-title__text\">Visana und Atupri schliessen sich zusammen<\/span><\/h1>\n<p><strong>Auf Anfang n\u00e4chsten Jahres schliessen sich die beiden Krankenkassen Visana und Atupri zusammen. Die neue Krankenversicherungsgruppe wird sich \u00abAtusana\u00bb nennen und \u00fcber eine Million Kunden und Kundinnen z\u00e4hlen. Die Fusion muss noch von den Aufsichtsbeh\u00f6rden genehmigt werden.<\/strong><\/p>\n<p>Der Zusammenschluss erfolge als Kombinationsfusion auf Augenh\u00f6he und es entstehe eine schweizweit t\u00e4tige Krankenversicherungsgruppe mit Heimmarkt Espace Mittelland, wird Visana-Verwaltungsratspr\u00e4sident und Mitte-Nationalrat (BE) Lorenz Hess in der Mitteilung zitiert. Insgesamt werde Atusana \u00fcber eine Million Kunden z\u00e4hlen und die Fusion habe keinen Stellenabbau zur Folge. Auch habe der Zusammenschluss keine Auswirkungen auf die Standorte.<\/p>\n<div class=\"Article_elementTextblockarray__PafgJ\"><\/div>\n<p><a href=\"https:\/\/www.srf.ch\/news\/wirtschaft\/krankenkassen-fusion-visana-und-atupri-schliessen-sich-zusammen\" target=\"_blank\" rel=\"noopener\">Artikel auf srf.ch<\/a><\/p>\n<\/div><\/section><br \/>\n\n<style type=\"text\/css\" data-created_by=\"avia_inline_auto\" id=\"style-css-av-av_image-14deab85174eed71fb3143e427528d74\">\n.avia-image-container.av-av_image-14deab85174eed71fb3143e427528d74 img.avia_image{\nbox-shadow:none;\n}\n.avia-image-container.av-av_image-14deab85174eed71fb3143e427528d74 .av-image-caption-overlay-center{\ncolor:#ffffff;\n}\n<\/style>\n<div  class='avia-image-container av-av_image-14deab85174eed71fb3143e427528d74 av-styling- avia-align-left  avia-builder-el-8  el_after_av_textblock  el_before_av_social_share '   itemprop=\"image\" itemscope=\"itemscope\" itemtype=\"https:\/\/schema.org\/ImageObject\" ><div class=\"avia-image-container-inner\"><div class=\"avia-image-overlay-wrap\"><img decoding=\"async\" class='wp-image-2829 avia-img-lazy-loading-not-2829 avia_image ' src=\"https:\/\/lorenzhess.ch\/wp-content\/uploads\/2023\/06\/Lorenz_Hess_Atusana.jpg\" alt='' title='Lorenz_Hess_Atusana'  height=\"540\" width=\"960\"  itemprop=\"thumbnailUrl\" srcset=\"https:\/\/lorenzhess.ch\/wp-content\/uploads\/2023\/06\/Lorenz_Hess_Atusana.jpg 960w, https:\/\/lorenzhess.ch\/wp-content\/uploads\/2023\/06\/Lorenz_Hess_Atusana-300x169.jpg 300w, https:\/\/lorenzhess.ch\/wp-content\/uploads\/2023\/06\/Lorenz_Hess_Atusana-768x432.jpg 768w, https:\/\/lorenzhess.ch\/wp-content\/uploads\/2023\/06\/Lorenz_Hess_Atusana-705x397.jpg 705w\" sizes=\"(max-width: 960px) 100vw, 960px\" \/><\/div><\/div><\/div><br \/>\n<div  class='av-social-sharing-box av-av_social_share-05ee01bc7f86d6d28e979469eee84a20 av-social-sharing-box-icon  avia-builder-el-9  el_after_av_image  avia-builder-el-last  av-social-sharing-box-same-width'><div class=\"av-share-box\"><ul class=\"av-share-box-list noLightbox\"><li class='av-share-link av-social-link-facebook' ><a target=\"_blank\" aria-label=\"Partager sur Facebook\" href='https:\/\/www.facebook.com\/sharer.php?u=https:\/\/lorenzhess.ch\/fr\/2023\/06\/08\/visana-und-atupri-schliessen-sich-zusammen\/&#038;t=Visana%20und%20Atupri%20schliessen%20sich%20zusammen' aria-hidden='false' data-av_icon='\ue8f3' data-av_iconfont='entypo-fontello' title='' data-avia-related-tooltip='Partager sur Facebook' rel=\"noopener\"><span class='avia_hidden_link_text'>Partager sur Facebook<\/span><\/a><\/li><li class='av-share-link av-social-link-twitter' ><a target=\"_blank\" aria-label=\"Partager sur Twitter\" href='https:\/\/twitter.com\/share?text=Visana%20und%20Atupri%20schliessen%20sich%20zusammen&#038;url=https:\/\/lorenzhess.ch\/fr\/?p=2834' aria-hidden='false' data-av_icon='\ue8f1' data-av_iconfont='entypo-fontello' title='' data-avia-related-tooltip='Partager sur Twitter' rel=\"noopener\"><span class='avia_hidden_link_text'>Partager sur Twitter<\/span><\/a><\/li><li class='av-share-link av-social-link-linkedin' ><a target=\"_blank\" aria-label=\"Partager sur LinkedIn\" href='https:\/\/linkedin.com\/shareArticle?mini=true&#038;title=Visana%20und%20Atupri%20schliessen%20sich%20zusammen&#038;url=https:\/\/lorenzhess.ch\/fr\/2023\/06\/08\/visana-und-atupri-schliessen-sich-zusammen\/' aria-hidden='false' data-av_icon='\ue8fc' data-av_iconfont='entypo-fontello' title='' data-avia-related-tooltip='Partager sur LinkedIn' rel=\"noopener\"><span class='avia_hidden_link_text'>Partager sur LinkedIn<\/span><\/a><\/li><\/ul><\/div><\/div><\/p><\/div><\/div><\/div><\/div><!-- close content main div --><\/div><\/div><div id='after_section_2'  class='main_color av_default_container_wrap container_wrap sidebar_right'  ><div class='container av-section-cont-open' ><div class='template-page content  av-content-small alpha units'><div class='post-entry post-entry-type-page post-entry-2834'><div class='entry-content-wrapper clearfix'>\n","protected":false},"excerpt":{"rendered":"<p>srf.ch<\/p>\n","protected":false},"author":1,"featured_media":2829,"comment_status":"closed","ping_status":"open","sticky":false,"template":"","format":"standard","meta":{"footnotes":""},"categories":[16],"tags":[19],"class_list":["post-2834","post","type-post","status-publish","format-standard","has-post-thumbnail","hentry","category-dans-les-medias","tag-landscape-fr"],"yoast_head":"<!-- This site is optimized with the Yoast SEO plugin v27.5 - https:\/\/yoast.com\/product\/yoast-seo-wordpress\/ -->\n<title>Visana und Atupri schliessen sich zusammen - Lorenz Hess - Die Mitte<\/title>\n<meta name=\"description\" content=\"Auf Anfang n\u00e4chsten Jahres schliessen sich die beiden Krankenkassen Visana und Atupri zusammen. Die neue Krankenversicherungsgruppe wird sich \u00abAtusana\u00bb nennen und \u00fcber eine Million Kunden und Kundinnen z\u00e4hlen.\" \/>\n<meta name=\"robots\" content=\"index, follow, max-snippet:-1, max-image-preview:large, max-video-preview:-1\" \/>\n<link rel=\"canonical\" href=\"https:\/\/lorenzhess.ch\/fr\/2023\/06\/08\/visana-und-atupri-schliessen-sich-zusammen\/\" \/>\n<meta property=\"og:locale\" content=\"fr_FR\" \/>\n<meta property=\"og:type\" content=\"article\" \/>\n<meta property=\"og:title\" content=\"Visana und Atupri schliessen sich zusammen\" \/>\n<meta property=\"og:description\" content=\"Auf Anfang n\u00e4chsten Jahres schliessen sich die beiden Krankenkassen Visana und Atupri zusammen. Die neue Krankenversicherungsgruppe wird sich \u00abAtusana\u00bb nennen und \u00fcber eine Million Kunden und Kundinnen z\u00e4hlen.\" \/>\n<meta property=\"og:url\" content=\"https:\/\/lorenzhess.ch\/fr\/2023\/06\/08\/visana-und-atupri-schliessen-sich-zusammen\/\" \/>\n<meta property=\"og:site_name\" content=\"Lorenz Hess - Die Mitte\" \/>\n<meta property=\"article:published_time\" content=\"2023-06-08T12:09:58+00:00\" \/>\n<meta property=\"article:modified_time\" content=\"2023-06-08T12:12:54+00:00\" \/>\n<meta property=\"og:image\" content=\"https:\/\/lorenzhess.ch\/wp-content\/uploads\/2023\/06\/Lorenz_Hess_Atusana-960x430.jpg\" \/>\n<meta name=\"author\" content=\"furrerhugi_dt\" \/>\n<meta name=\"twitter:card\" content=\"summary_large_image\" \/>\n<meta name=\"twitter:title\" content=\"Visana und Atupri schliessen sich zusammen\" \/>\n<meta name=\"twitter:description\" content=\"Auf Anfang n\u00e4chsten Jahres schliessen sich die beiden Krankenkassen Visana und Atupri zusammen. Die neue Krankenversicherungsgruppe wird sich \u00abAtusana\u00bb nennen und \u00fcber eine Million Kunden und Kundinnen z\u00e4hlen.\" \/>\n<meta name=\"twitter:image\" content=\"https:\/\/lorenzhess.ch\/wp-content\/uploads\/2023\/06\/Lorenz_Hess_Atusana-960x430.jpg\" \/>\n<script type=\"application\/ld+json\" class=\"yoast-schema-graph\">{\"@context\":\"https:\\\/\\\/schema.org\",\"@graph\":[{\"@type\":\"Article\",\"@id\":\"https:\\\/\\\/lorenzhess.ch\\\/fr\\\/2023\\\/06\\\/08\\\/visana-und-atupri-schliessen-sich-zusammen\\\/#article\",\"isPartOf\":{\"@id\":\"https:\\\/\\\/lorenzhess.ch\\\/fr\\\/2023\\\/06\\\/08\\\/visana-und-atupri-schliessen-sich-zusammen\\\/\"},\"author\":{\"name\":\"furrerhugi_dt\",\"@id\":\"https:\\\/\\\/lorenzhess.ch\\\/fr\\\/#\\\/schema\\\/person\\\/0f7d94864c70f7779b1613c607ff3a77\"},\"headline\":\"Visana und Atupri schliessen sich zusammen\",\"datePublished\":\"2023-06-08T12:09:58+00:00\",\"dateModified\":\"2023-06-08T12:12:54+00:00\",\"mainEntityOfPage\":{\"@id\":\"https:\\\/\\\/lorenzhess.ch\\\/fr\\\/2023\\\/06\\\/08\\\/visana-und-atupri-schliessen-sich-zusammen\\\/\"},\"wordCount\":1934,\"image\":{\"@id\":\"https:\\\/\\\/lorenzhess.ch\\\/fr\\\/2023\\\/06\\\/08\\\/visana-und-atupri-schliessen-sich-zusammen\\\/#primaryimage\"},\"thumbnailUrl\":\"https:\\\/\\\/lorenzhess.ch\\\/wp-content\\\/uploads\\\/2023\\\/06\\\/Lorenz_Hess_Atusana.jpg\",\"keywords\":[\"landscape\"],\"articleSection\":[\"Dans les m\u00e9dias\"],\"inLanguage\":\"fr-FR\"},{\"@type\":\"WebPage\",\"@id\":\"https:\\\/\\\/lorenzhess.ch\\\/fr\\\/2023\\\/06\\\/08\\\/visana-und-atupri-schliessen-sich-zusammen\\\/\",\"url\":\"https:\\\/\\\/lorenzhess.ch\\\/fr\\\/2023\\\/06\\\/08\\\/visana-und-atupri-schliessen-sich-zusammen\\\/\",\"name\":\"Visana und Atupri schliessen sich zusammen - Lorenz Hess - Die Mitte\",\"isPartOf\":{\"@id\":\"https:\\\/\\\/lorenzhess.ch\\\/fr\\\/#website\"},\"primaryImageOfPage\":{\"@id\":\"https:\\\/\\\/lorenzhess.ch\\\/fr\\\/2023\\\/06\\\/08\\\/visana-und-atupri-schliessen-sich-zusammen\\\/#primaryimage\"},\"image\":{\"@id\":\"https:\\\/\\\/lorenzhess.ch\\\/fr\\\/2023\\\/06\\\/08\\\/visana-und-atupri-schliessen-sich-zusammen\\\/#primaryimage\"},\"thumbnailUrl\":\"https:\\\/\\\/lorenzhess.ch\\\/wp-content\\\/uploads\\\/2023\\\/06\\\/Lorenz_Hess_Atusana.jpg\",\"datePublished\":\"2023-06-08T12:09:58+00:00\",\"dateModified\":\"2023-06-08T12:12:54+00:00\",\"author\":{\"@id\":\"https:\\\/\\\/lorenzhess.ch\\\/fr\\\/#\\\/schema\\\/person\\\/0f7d94864c70f7779b1613c607ff3a77\"},\"description\":\"Auf Anfang n\u00e4chsten Jahres schliessen sich die beiden Krankenkassen Visana und Atupri zusammen. Die neue Krankenversicherungsgruppe wird sich \u00abAtusana\u00bb nennen und \u00fcber eine Million Kunden und Kundinnen z\u00e4hlen.\",\"breadcrumb\":{\"@id\":\"https:\\\/\\\/lorenzhess.ch\\\/fr\\\/2023\\\/06\\\/08\\\/visana-und-atupri-schliessen-sich-zusammen\\\/#breadcrumb\"},\"inLanguage\":\"fr-FR\",\"potentialAction\":[{\"@type\":\"ReadAction\",\"target\":[\"https:\\\/\\\/lorenzhess.ch\\\/fr\\\/2023\\\/06\\\/08\\\/visana-und-atupri-schliessen-sich-zusammen\\\/\"]}]},{\"@type\":\"ImageObject\",\"inLanguage\":\"fr-FR\",\"@id\":\"https:\\\/\\\/lorenzhess.ch\\\/fr\\\/2023\\\/06\\\/08\\\/visana-und-atupri-schliessen-sich-zusammen\\\/#primaryimage\",\"url\":\"https:\\\/\\\/lorenzhess.ch\\\/wp-content\\\/uploads\\\/2023\\\/06\\\/Lorenz_Hess_Atusana.jpg\",\"contentUrl\":\"https:\\\/\\\/lorenzhess.ch\\\/wp-content\\\/uploads\\\/2023\\\/06\\\/Lorenz_Hess_Atusana.jpg\",\"width\":960,\"height\":540},{\"@type\":\"BreadcrumbList\",\"@id\":\"https:\\\/\\\/lorenzhess.ch\\\/fr\\\/2023\\\/06\\\/08\\\/visana-und-atupri-schliessen-sich-zusammen\\\/#breadcrumb\",\"itemListElement\":[{\"@type\":\"ListItem\",\"position\":1,\"name\":\"Home\",\"item\":\"https:\\\/\\\/lorenzhess.ch\\\/fr\\\/\"},{\"@type\":\"ListItem\",\"position\":2,\"name\":\"Visana und Atupri schliessen sich zusammen\"}]},{\"@type\":\"WebSite\",\"@id\":\"https:\\\/\\\/lorenzhess.ch\\\/fr\\\/#website\",\"url\":\"https:\\\/\\\/lorenzhess.ch\\\/fr\\\/\",\"name\":\"Lorenz Hess - Die Mitte\",\"description\":\"B\u00fcrgerlich denken. Nachhaltig handeln.\",\"potentialAction\":[{\"@type\":\"SearchAction\",\"target\":{\"@type\":\"EntryPoint\",\"urlTemplate\":\"https:\\\/\\\/lorenzhess.ch\\\/fr\\\/?s={search_term_string}\"},\"query-input\":{\"@type\":\"PropertyValueSpecification\",\"valueRequired\":true,\"valueName\":\"search_term_string\"}}],\"inLanguage\":\"fr-FR\"},{\"@type\":\"Person\",\"@id\":\"https:\\\/\\\/lorenzhess.ch\\\/fr\\\/#\\\/schema\\\/person\\\/0f7d94864c70f7779b1613c607ff3a77\",\"name\":\"furrerhugi_dt\",\"image\":{\"@type\":\"ImageObject\",\"inLanguage\":\"fr-FR\",\"@id\":\"https:\\\/\\\/secure.gravatar.com\\\/avatar\\\/87869a587a8496c2c5bfc8bb6383829a08ad0224db7761e45c33afa63817923e?s=96&d=mm&r=g\",\"url\":\"https:\\\/\\\/secure.gravatar.com\\\/avatar\\\/87869a587a8496c2c5bfc8bb6383829a08ad0224db7761e45c33afa63817923e?s=96&d=mm&r=g\",\"contentUrl\":\"https:\\\/\\\/secure.gravatar.com\\\/avatar\\\/87869a587a8496c2c5bfc8bb6383829a08ad0224db7761e45c33afa63817923e?s=96&d=mm&r=g\",\"caption\":\"furrerhugi_dt\"},\"sameAs\":[\"http:\\\/\\\/sanuvazo.cyon.site\"],\"url\":\"https:\\\/\\\/lorenzhess.ch\\\/fr\\\/author\\\/furrerhugi_dt\\\/\"}]}<\/script>\n<!-- \/ Yoast SEO plugin. -->","yoast_head_json":{"title":"Visana und Atupri schliessen sich zusammen - Lorenz Hess - Die Mitte","description":"Auf Anfang n\u00e4chsten Jahres schliessen sich die beiden Krankenkassen Visana und Atupri zusammen. Die neue Krankenversicherungsgruppe wird sich \u00abAtusana\u00bb nennen und \u00fcber eine Million Kunden und Kundinnen z\u00e4hlen.","robots":{"index":"index","follow":"follow","max-snippet":"max-snippet:-1","max-image-preview":"max-image-preview:large","max-video-preview":"max-video-preview:-1"},"canonical":"https:\/\/lorenzhess.ch\/fr\/2023\/06\/08\/visana-und-atupri-schliessen-sich-zusammen\/","og_locale":"fr_FR","og_type":"article","og_title":"Visana und Atupri schliessen sich zusammen","og_description":"Auf Anfang n\u00e4chsten Jahres schliessen sich die beiden Krankenkassen Visana und Atupri zusammen. Die neue Krankenversicherungsgruppe wird sich \u00abAtusana\u00bb nennen und \u00fcber eine Million Kunden und Kundinnen z\u00e4hlen.","og_url":"https:\/\/lorenzhess.ch\/fr\/2023\/06\/08\/visana-und-atupri-schliessen-sich-zusammen\/","og_site_name":"Lorenz Hess - Die Mitte","article_published_time":"2023-06-08T12:09:58+00:00","article_modified_time":"2023-06-08T12:12:54+00:00","og_image":[{"url":"https:\/\/lorenzhess.ch\/wp-content\/uploads\/2023\/06\/Lorenz_Hess_Atusana-960x430.jpg","type":"","width":"","height":""}],"author":"furrerhugi_dt","twitter_card":"summary_large_image","twitter_title":"Visana und Atupri schliessen sich zusammen","twitter_description":"Auf Anfang n\u00e4chsten Jahres schliessen sich die beiden Krankenkassen Visana und Atupri zusammen. Die neue Krankenversicherungsgruppe wird sich \u00abAtusana\u00bb nennen und \u00fcber eine Million Kunden und Kundinnen z\u00e4hlen.","twitter_image":"https:\/\/lorenzhess.ch\/wp-content\/uploads\/2023\/06\/Lorenz_Hess_Atusana-960x430.jpg","schema":{"@context":"https:\/\/schema.org","@graph":[{"@type":"Article","@id":"https:\/\/lorenzhess.ch\/fr\/2023\/06\/08\/visana-und-atupri-schliessen-sich-zusammen\/#article","isPartOf":{"@id":"https:\/\/lorenzhess.ch\/fr\/2023\/06\/08\/visana-und-atupri-schliessen-sich-zusammen\/"},"author":{"name":"furrerhugi_dt","@id":"https:\/\/lorenzhess.ch\/fr\/#\/schema\/person\/0f7d94864c70f7779b1613c607ff3a77"},"headline":"Visana und Atupri schliessen sich zusammen","datePublished":"2023-06-08T12:09:58+00:00","dateModified":"2023-06-08T12:12:54+00:00","mainEntityOfPage":{"@id":"https:\/\/lorenzhess.ch\/fr\/2023\/06\/08\/visana-und-atupri-schliessen-sich-zusammen\/"},"wordCount":1934,"image":{"@id":"https:\/\/lorenzhess.ch\/fr\/2023\/06\/08\/visana-und-atupri-schliessen-sich-zusammen\/#primaryimage"},"thumbnailUrl":"https:\/\/lorenzhess.ch\/wp-content\/uploads\/2023\/06\/Lorenz_Hess_Atusana.jpg","keywords":["landscape"],"articleSection":["Dans les m\u00e9dias"],"inLanguage":"fr-FR"},{"@type":"WebPage","@id":"https:\/\/lorenzhess.ch\/fr\/2023\/06\/08\/visana-und-atupri-schliessen-sich-zusammen\/","url":"https:\/\/lorenzhess.ch\/fr\/2023\/06\/08\/visana-und-atupri-schliessen-sich-zusammen\/","name":"Visana und Atupri schliessen sich zusammen - Lorenz Hess - Die Mitte","isPartOf":{"@id":"https:\/\/lorenzhess.ch\/fr\/#website"},"primaryImageOfPage":{"@id":"https:\/\/lorenzhess.ch\/fr\/2023\/06\/08\/visana-und-atupri-schliessen-sich-zusammen\/#primaryimage"},"image":{"@id":"https:\/\/lorenzhess.ch\/fr\/2023\/06\/08\/visana-und-atupri-schliessen-sich-zusammen\/#primaryimage"},"thumbnailUrl":"https:\/\/lorenzhess.ch\/wp-content\/uploads\/2023\/06\/Lorenz_Hess_Atusana.jpg","datePublished":"2023-06-08T12:09:58+00:00","dateModified":"2023-06-08T12:12:54+00:00","author":{"@id":"https:\/\/lorenzhess.ch\/fr\/#\/schema\/person\/0f7d94864c70f7779b1613c607ff3a77"},"description":"Auf Anfang n\u00e4chsten Jahres schliessen sich die beiden Krankenkassen Visana und Atupri zusammen. Die neue Krankenversicherungsgruppe wird sich \u00abAtusana\u00bb nennen und \u00fcber eine Million Kunden und Kundinnen z\u00e4hlen.","breadcrumb":{"@id":"https:\/\/lorenzhess.ch\/fr\/2023\/06\/08\/visana-und-atupri-schliessen-sich-zusammen\/#breadcrumb"},"inLanguage":"fr-FR","potentialAction":[{"@type":"ReadAction","target":["https:\/\/lorenzhess.ch\/fr\/2023\/06\/08\/visana-und-atupri-schliessen-sich-zusammen\/"]}]},{"@type":"ImageObject","inLanguage":"fr-FR","@id":"https:\/\/lorenzhess.ch\/fr\/2023\/06\/08\/visana-und-atupri-schliessen-sich-zusammen\/#primaryimage","url":"https:\/\/lorenzhess.ch\/wp-content\/uploads\/2023\/06\/Lorenz_Hess_Atusana.jpg","contentUrl":"https:\/\/lorenzhess.ch\/wp-content\/uploads\/2023\/06\/Lorenz_Hess_Atusana.jpg","width":960,"height":540},{"@type":"BreadcrumbList","@id":"https:\/\/lorenzhess.ch\/fr\/2023\/06\/08\/visana-und-atupri-schliessen-sich-zusammen\/#breadcrumb","itemListElement":[{"@type":"ListItem","position":1,"name":"Home","item":"https:\/\/lorenzhess.ch\/fr\/"},{"@type":"ListItem","position":2,"name":"Visana und Atupri schliessen sich zusammen"}]},{"@type":"WebSite","@id":"https:\/\/lorenzhess.ch\/fr\/#website","url":"https:\/\/lorenzhess.ch\/fr\/","name":"Lorenz Hess - Die Mitte","description":"B\u00fcrgerlich denken. Nachhaltig handeln.","potentialAction":[{"@type":"SearchAction","target":{"@type":"EntryPoint","urlTemplate":"https:\/\/lorenzhess.ch\/fr\/?s={search_term_string}"},"query-input":{"@type":"PropertyValueSpecification","valueRequired":true,"valueName":"search_term_string"}}],"inLanguage":"fr-FR"},{"@type":"Person","@id":"https:\/\/lorenzhess.ch\/fr\/#\/schema\/person\/0f7d94864c70f7779b1613c607ff3a77","name":"furrerhugi_dt","image":{"@type":"ImageObject","inLanguage":"fr-FR","@id":"https:\/\/secure.gravatar.com\/avatar\/87869a587a8496c2c5bfc8bb6383829a08ad0224db7761e45c33afa63817923e?s=96&d=mm&r=g","url":"https:\/\/secure.gravatar.com\/avatar\/87869a587a8496c2c5bfc8bb6383829a08ad0224db7761e45c33afa63817923e?s=96&d=mm&r=g","contentUrl":"https:\/\/secure.gravatar.com\/avatar\/87869a587a8496c2c5bfc8bb6383829a08ad0224db7761e45c33afa63817923e?s=96&d=mm&r=g","caption":"furrerhugi_dt"},"sameAs":["http:\/\/sanuvazo.cyon.site"],"url":"https:\/\/lorenzhess.ch\/fr\/author\/furrerhugi_dt\/"}]}},"_links":{"self":[{"href":"https:\/\/lorenzhess.ch\/fr\/wp-json\/wp\/v2\/posts\/2834","targetHints":{"allow":["GET"]}}],"collection":[{"href":"https:\/\/lorenzhess.ch\/fr\/wp-json\/wp\/v2\/posts"}],"about":[{"href":"https:\/\/lorenzhess.ch\/fr\/wp-json\/wp\/v2\/types\/post"}],"author":[{"embeddable":true,"href":"https:\/\/lorenzhess.ch\/fr\/wp-json\/wp\/v2\/users\/1"}],"replies":[{"embeddable":true,"href":"https:\/\/lorenzhess.ch\/fr\/wp-json\/wp\/v2\/comments?post=2834"}],"version-history":[{"count":3,"href":"https:\/\/lorenzhess.ch\/fr\/wp-json\/wp\/v2\/posts\/2834\/revisions"}],"predecessor-version":[{"id":2837,"href":"https:\/\/lorenzhess.ch\/fr\/wp-json\/wp\/v2\/posts\/2834\/revisions\/2837"}],"wp:featuredmedia":[{"embeddable":true,"href":"https:\/\/lorenzhess.ch\/fr\/wp-json\/wp\/v2\/media\/2829"}],"wp:attachment":[{"href":"https:\/\/lorenzhess.ch\/fr\/wp-json\/wp\/v2\/media?parent=2834"}],"wp:term":[{"taxonomy":"category","embeddable":true,"href":"https:\/\/lorenzhess.ch\/fr\/wp-json\/wp\/v2\/categories?post=2834"},{"taxonomy":"post_tag","embeddable":true,"href":"https:\/\/lorenzhess.ch\/fr\/wp-json\/wp\/v2\/tags?post=2834"}],"curies":[{"name":"wp","href":"https:\/\/api.w.org\/{rel}","templated":true}]}}