{"id":2855,"date":"2023-06-19T09:23:41","date_gmt":"2023-06-19T07:23:41","guid":{"rendered":"https:\/\/lorenzhess.ch\/2023\/06\/19\/une-troisieme-victoire-pour-la-loi-covid\/"},"modified":"2023-06-19T09:25:43","modified_gmt":"2023-06-19T07:25:43","slug":"une-troisieme-victoire-pour-la-loi-covid","status":"publish","type":"post","link":"https:\/\/lorenzhess.ch\/fr\/2023\/06\/19\/une-troisieme-victoire-pour-la-loi-covid\/","title":{"rendered":"Une troisi\u00e8me victoire pour la loi covid"},"content":{"rendered":"<div id='av_section_1'  class='avia-section av-5xcj3z-245e3b3fae63bccc97bfdf83e6a0c266 main_color avia-section-default avia-no-border-styling  avia-builder-el-0  el_before_av_section  avia-builder-el-first  av-small-hide av-mini-hide avia-bg-style-scroll container_wrap sidebar_right'  ><div class='container av-section-cont-open' ><main  role=\"main\" itemprop=\"mainContentOfPage\"  class='template-page content  av-content-small alpha units'><div class='post-entry post-entry-type-page post-entry-2855'><div class='entry-content-wrapper clearfix'>\n\n<style type=\"text\/css\" data-created_by=\"avia_inline_auto\" id=\"style-css-av-3yzb4f-6bd38e28da8bb68e72da23eed1dc0877\">\n.flex_column.av-3yzb4f-6bd38e28da8bb68e72da23eed1dc0877{\npadding:0 0 0 149px;\n}\n<\/style>\n<div class='flex_column av-3yzb4f-6bd38e28da8bb68e72da23eed1dc0877 av_one_full  avia-builder-el-1  avia-builder-el-no-sibling  first flex_column_div '     ><section  class='av_textblock_section av-lj2j19eb-cbc40ac5d0414315f85e042f64dc34b1'  itemscope=\"itemscope\" itemtype=\"https:\/\/schema.org\/BlogPosting\" itemprop=\"blogPost\" ><div class='avia_textblock'  itemprop=\"text\" ><h1 class=\"post__title\">Une troisi\u00e8me victoire pour la loi covid<\/h1>\n<div class=\"post__lead\"><\/div>\n<p>Les sondages avaient annonc\u00e9 ce verdict et leurs pronostics se sont v\u00e9rifi\u00e9s tr\u00e8s vite d\u00e8s midi ce dimanche: le peuple suisse a largement approuv\u00e9 une prolongation de la loi covid d\u2019ici \u00e0 juin 2024, cela \u00e0 une majorit\u00e9 de 62%. Ses opposants, emmen\u00e9s par les associations des Amis de la Constitution, de Mass-Voll et du Mouvement f\u00e9d\u00e9ratif romand, avaient lanc\u00e9 un r\u00e9f\u00e9rendum pour la troisi\u00e8me fois en deux ans. \u00abCe d\u00e9ni de d\u00e9mocratie a fini par irriter les gens\u00bb, observe Lorenz Hess, pr\u00e9sident du comit\u00e9 du oui \u00e0 la loi, qui s\u2019\u00e9tait r\u00e9uni dans un caf\u00e9 \u00e0 en face du Palais f\u00e9d\u00e9ral.<\/p>\n<div class=\"Article_elementTextblockarray__PafgJ\"><\/div>\n<p><a href=\"https:\/\/www.letemps.ch\/suisse\/une-troisieme-victoire-pour-la-loi-covid\" target=\"_blank\" rel=\"noopener\">Article dans Le Temps<\/a><\/p>\n<\/div><\/section><br \/>\n\n<style type=\"text\/css\" data-created_by=\"avia_inline_auto\" id=\"style-css-av-lj2iwnkg-89951217f04c7dbd9f254140c7933a5c\">\n.avia-image-container.av-lj2iwnkg-89951217f04c7dbd9f254140c7933a5c img.avia_image{\nbox-shadow:none;\n}\n.avia-image-container.av-lj2iwnkg-89951217f04c7dbd9f254140c7933a5c .av-image-caption-overlay-center{\ncolor:#ffffff;\n}\n<\/style>\n<div  class='avia-image-container av-lj2iwnkg-89951217f04c7dbd9f254140c7933a5c av-styling- avia-align-left  avia-builder-el-3  el_after_av_textblock  el_before_av_social_share '   itemprop=\"image\" itemscope=\"itemscope\" itemtype=\"https:\/\/schema.org\/ImageObject\" ><div class=\"avia-image-container-inner\"><div class=\"avia-image-overlay-wrap\"><img decoding=\"async\" class='wp-image-2849 avia-img-lazy-loading-not-2849 avia_image ' src=\"https:\/\/lorenzhess.ch\/wp-content\/uploads\/2023\/06\/Lorenz_Hess_LeTemps.jpg\" alt='' title='Lorenz_Hess_LeTemps'  height=\"405\" width=\"720\"  itemprop=\"thumbnailUrl\" srcset=\"https:\/\/lorenzhess.ch\/wp-content\/uploads\/2023\/06\/Lorenz_Hess_LeTemps.jpg 720w, https:\/\/lorenzhess.ch\/wp-content\/uploads\/2023\/06\/Lorenz_Hess_LeTemps-300x169.jpg 300w, https:\/\/lorenzhess.ch\/wp-content\/uploads\/2023\/06\/Lorenz_Hess_LeTemps-705x397.jpg 705w\" sizes=\"(max-width: 720px) 100vw, 720px\" \/><\/div><\/div><\/div><br \/>\n<div  class='av-social-sharing-box av-2kllwv-536b11f72d266f4ae18833de02112bd4 av-social-sharing-box-icon  avia-builder-el-4  el_after_av_image  avia-builder-el-last  av-social-sharing-box-same-width'><div class=\"av-share-box\"><ul class=\"av-share-box-list noLightbox\"><li class='av-share-link av-social-link-facebook' ><a target=\"_blank\" aria-label=\"Partager sur Facebook\" href='https:\/\/www.facebook.com\/sharer.php?u=https:\/\/lorenzhess.ch\/fr\/2023\/06\/19\/une-troisieme-victoire-pour-la-loi-covid\/&#038;t=Une%20troisi%C3%A8me%20victoire%20pour%20la%20loi%20covid' aria-hidden='false' data-av_icon='\ue8f3' data-av_iconfont='entypo-fontello' title='' data-avia-related-tooltip='Partager sur Facebook' rel=\"noopener\"><span class='avia_hidden_link_text'>Partager sur Facebook<\/span><\/a><\/li><li class='av-share-link av-social-link-twitter' ><a target=\"_blank\" aria-label=\"Partager sur Twitter\" href='https:\/\/twitter.com\/share?text=Une%20troisi%C3%A8me%20victoire%20pour%20la%20loi%20covid&#038;url=https:\/\/lorenzhess.ch\/fr\/?p=2855' aria-hidden='false' data-av_icon='\ue8f1' data-av_iconfont='entypo-fontello' title='' data-avia-related-tooltip='Partager sur Twitter' rel=\"noopener\"><span class='avia_hidden_link_text'>Partager sur Twitter<\/span><\/a><\/li><li class='av-share-link av-social-link-linkedin' ><a target=\"_blank\" aria-label=\"Partager sur LinkedIn\" href='https:\/\/linkedin.com\/shareArticle?mini=true&#038;title=Une%20troisi%C3%A8me%20victoire%20pour%20la%20loi%20covid&#038;url=https:\/\/lorenzhess.ch\/fr\/2023\/06\/19\/une-troisieme-victoire-pour-la-loi-covid\/' aria-hidden='false' data-av_icon='\ue8fc' data-av_iconfont='entypo-fontello' title='' data-avia-related-tooltip='Partager sur LinkedIn' rel=\"noopener\"><span class='avia_hidden_link_text'>Partager sur LinkedIn<\/span><\/a><\/li><\/ul><\/div><\/div><\/p><\/div>\n\n<\/div><\/div><\/main><!-- close content main element --><\/div><\/div><div id='av_section_2'  class='avia-section av-lj2j71rd-bd5d53a83062ac90d813b37c0c6698a2 main_color avia-section-default avia-no-border-styling  avia-builder-el-5  el_after_av_section  avia-builder-el-last  av-desktop-hide av-medium-hide avia-bg-style-scroll container_wrap sidebar_right'  ><div class='container av-section-cont-open' ><div class='template-page content  av-content-small alpha units'><div class='post-entry post-entry-type-page post-entry-2855'><div class='entry-content-wrapper clearfix'>\n<div class='flex_column av-lj2j78os-b114b970faa8fd405fce9b079dff8a83 av_one_full  avia-builder-el-6  avia-builder-el-no-sibling  first flex_column_div '     ><section  class='av_textblock_section av-av_textblock-7a1af7d8f9790576b1769c0a9f0449ed'  itemscope=\"itemscope\" itemtype=\"https:\/\/schema.org\/BlogPosting\" itemprop=\"blogPost\" ><div class='avia_textblock'  itemprop=\"text\" ><h1 class=\"post__title\">Une troisi\u00e8me victoire pour la loi covid<\/h1>\n<div class=\"post__lead\"><\/div>\n<p>Les sondages avaient annonc\u00e9 ce verdict et leurs pronostics se sont v\u00e9rifi\u00e9s tr\u00e8s vite d\u00e8s midi ce dimanche: le peuple suisse a largement approuv\u00e9 une prolongation de la loi covid d\u2019ici \u00e0 juin 2024, cela \u00e0 une majorit\u00e9 de 62%. Ses opposants, emmen\u00e9s par les associations des Amis de la Constitution, de Mass-Voll et du Mouvement f\u00e9d\u00e9ratif romand, avaient lanc\u00e9 un r\u00e9f\u00e9rendum pour la troisi\u00e8me fois en deux ans. \u00abCe d\u00e9ni de d\u00e9mocratie a fini par irriter les gens\u00bb, observe Lorenz Hess, pr\u00e9sident du comit\u00e9 du oui \u00e0 la loi, qui s\u2019\u00e9tait r\u00e9uni dans un caf\u00e9 \u00e0 en face du Palais f\u00e9d\u00e9ral.<\/p>\n<div class=\"Article_elementTextblockarray__PafgJ\"><\/div>\n<p><a href=\"https:\/\/www.letemps.ch\/suisse\/une-troisieme-victoire-pour-la-loi-covid\" target=\"_blank\" rel=\"noopener\">Article dans Le Temps<\/a><\/p>\n<\/div><\/section><br \/>\n\n<style type=\"text\/css\" data-created_by=\"avia_inline_auto\" id=\"style-css-av-av_image-2f5ab36794edbf250fdbf60f20eeaad7\">\n.avia-image-container.av-av_image-2f5ab36794edbf250fdbf60f20eeaad7 img.avia_image{\nbox-shadow:none;\n}\n.avia-image-container.av-av_image-2f5ab36794edbf250fdbf60f20eeaad7 .av-image-caption-overlay-center{\ncolor:#ffffff;\n}\n<\/style>\n<div  class='avia-image-container av-av_image-2f5ab36794edbf250fdbf60f20eeaad7 av-styling- avia-align-left  avia-builder-el-8  el_after_av_textblock  el_before_av_social_share '   itemprop=\"image\" itemscope=\"itemscope\" itemtype=\"https:\/\/schema.org\/ImageObject\" ><div class=\"avia-image-container-inner\"><div class=\"avia-image-overlay-wrap\"><img decoding=\"async\" class='wp-image-2849 avia-img-lazy-loading-not-2849 avia_image ' src=\"https:\/\/lorenzhess.ch\/wp-content\/uploads\/2023\/06\/Lorenz_Hess_LeTemps.jpg\" alt='' title='Lorenz_Hess_LeTemps'  height=\"405\" width=\"720\"  itemprop=\"thumbnailUrl\" srcset=\"https:\/\/lorenzhess.ch\/wp-content\/uploads\/2023\/06\/Lorenz_Hess_LeTemps.jpg 720w, https:\/\/lorenzhess.ch\/wp-content\/uploads\/2023\/06\/Lorenz_Hess_LeTemps-300x169.jpg 300w, https:\/\/lorenzhess.ch\/wp-content\/uploads\/2023\/06\/Lorenz_Hess_LeTemps-705x397.jpg 705w\" sizes=\"(max-width: 720px) 100vw, 720px\" \/><\/div><\/div><\/div><br \/>\n<div  class='av-social-sharing-box av-av_social_share-05ee01bc7f86d6d28e979469eee84a20 av-social-sharing-box-icon  avia-builder-el-9  el_after_av_image  avia-builder-el-last  av-social-sharing-box-same-width'><div class=\"av-share-box\"><ul class=\"av-share-box-list noLightbox\"><li class='av-share-link av-social-link-facebook' ><a target=\"_blank\" aria-label=\"Partager sur Facebook\" href='https:\/\/www.facebook.com\/sharer.php?u=https:\/\/lorenzhess.ch\/fr\/2023\/06\/19\/une-troisieme-victoire-pour-la-loi-covid\/&#038;t=Une%20troisi%C3%A8me%20victoire%20pour%20la%20loi%20covid' aria-hidden='false' data-av_icon='\ue8f3' data-av_iconfont='entypo-fontello' title='' data-avia-related-tooltip='Partager sur Facebook' rel=\"noopener\"><span class='avia_hidden_link_text'>Partager sur Facebook<\/span><\/a><\/li><li class='av-share-link av-social-link-twitter' ><a target=\"_blank\" aria-label=\"Partager sur Twitter\" href='https:\/\/twitter.com\/share?text=Une%20troisi%C3%A8me%20victoire%20pour%20la%20loi%20covid&#038;url=https:\/\/lorenzhess.ch\/fr\/?p=2855' aria-hidden='false' data-av_icon='\ue8f1' data-av_iconfont='entypo-fontello' title='' data-avia-related-tooltip='Partager sur Twitter' rel=\"noopener\"><span class='avia_hidden_link_text'>Partager sur Twitter<\/span><\/a><\/li><li class='av-share-link av-social-link-linkedin' ><a target=\"_blank\" aria-label=\"Partager sur LinkedIn\" href='https:\/\/linkedin.com\/shareArticle?mini=true&#038;title=Une%20troisi%C3%A8me%20victoire%20pour%20la%20loi%20covid&#038;url=https:\/\/lorenzhess.ch\/fr\/2023\/06\/19\/une-troisieme-victoire-pour-la-loi-covid\/' aria-hidden='false' data-av_icon='\ue8fc' data-av_iconfont='entypo-fontello' title='' data-avia-related-tooltip='Partager sur LinkedIn' rel=\"noopener\"><span class='avia_hidden_link_text'>Partager sur LinkedIn<\/span><\/a><\/li><\/ul><\/div><\/div><\/p><\/div><\/div><\/div><\/div><!-- close content main div --><\/div><\/div><div id='after_section_2'  class='main_color av_default_container_wrap container_wrap sidebar_right'  ><div class='container av-section-cont-open' ><div class='template-page content  av-content-small alpha units'><div class='post-entry post-entry-type-page post-entry-2855'><div class='entry-content-wrapper clearfix'>\n","protected":false},"excerpt":{"rendered":"<p>letemps.ch<\/p>\n","protected":false},"author":1,"featured_media":2849,"comment_status":"closed","ping_status":"open","sticky":false,"template":"","format":"standard","meta":{"footnotes":""},"categories":[16],"tags":[19],"class_list":["post-2855","post","type-post","status-publish","format-standard","has-post-thumbnail","hentry","category-dans-les-medias","tag-landscape-fr"],"yoast_head":"<!-- This site is optimized with the Yoast SEO plugin v27.5 - https:\/\/yoast.com\/product\/yoast-seo-wordpress\/ -->\n<title>Une troisi\u00e8me victoire pour la loi covid - Lorenz Hess - Die Mitte<\/title>\n<meta name=\"description\" content=\"Le peuple suisse a largement approuv\u00e9 une prolongation de la loi covid d\u2019ici \u00e0 juin 2024, cela \u00e0 une majorit\u00e9 de 62%.\" \/>\n<meta name=\"robots\" content=\"index, follow, max-snippet:-1, max-image-preview:large, max-video-preview:-1\" \/>\n<link rel=\"canonical\" href=\"https:\/\/lorenzhess.ch\/fr\/2023\/06\/19\/une-troisieme-victoire-pour-la-loi-covid\/\" \/>\n<meta property=\"og:locale\" content=\"fr_FR\" \/>\n<meta property=\"og:type\" content=\"article\" \/>\n<meta property=\"og:title\" content=\"Une troisi\u00e8me victoire pour la loi covid\" \/>\n<meta property=\"og:description\" content=\"Le peuple suisse a largement approuv\u00e9 une prolongation de la loi covid d\u2019ici \u00e0 juin 2024, cela \u00e0 une majorit\u00e9 de 62%.\" \/>\n<meta property=\"og:url\" content=\"https:\/\/lorenzhess.ch\/fr\/2023\/06\/19\/une-troisieme-victoire-pour-la-loi-covid\/\" \/>\n<meta property=\"og:site_name\" content=\"Lorenz Hess - Die Mitte\" \/>\n<meta property=\"article:published_time\" content=\"2023-06-19T07:23:41+00:00\" \/>\n<meta property=\"article:modified_time\" content=\"2023-06-19T07:25:43+00:00\" \/>\n<meta property=\"og:image\" content=\"https:\/\/lorenzhess.ch\/wp-content\/uploads\/2023\/06\/Lorenz_Hess_LeTemps-720x321.jpg\" \/>\n<meta name=\"author\" content=\"furrerhugi_dt\" \/>\n<meta name=\"twitter:card\" content=\"summary_large_image\" \/>\n<meta name=\"twitter:title\" content=\"Une troisi\u00e8me victoire pour la loi covid\" \/>\n<meta name=\"twitter:description\" content=\"Le peuple suisse a largement approuv\u00e9 une prolongation de la loi covid d\u2019ici \u00e0 juin 2024, cela \u00e0 une majorit\u00e9 de 62%.\" \/>\n<meta name=\"twitter:image\" content=\"https:\/\/lorenzhess.ch\/wp-content\/uploads\/2023\/06\/Lorenz_Hess_LeTemps-720x321.jpg\" \/>\n<script type=\"application\/ld+json\" class=\"yoast-schema-graph\">{\"@context\":\"https:\\\/\\\/schema.org\",\"@graph\":[{\"@type\":\"Article\",\"@id\":\"https:\\\/\\\/lorenzhess.ch\\\/fr\\\/2023\\\/06\\\/19\\\/une-troisieme-victoire-pour-la-loi-covid\\\/#article\",\"isPartOf\":{\"@id\":\"https:\\\/\\\/lorenzhess.ch\\\/fr\\\/2023\\\/06\\\/19\\\/une-troisieme-victoire-pour-la-loi-covid\\\/\"},\"author\":{\"name\":\"furrerhugi_dt\",\"@id\":\"https:\\\/\\\/lorenzhess.ch\\\/fr\\\/#\\\/schema\\\/person\\\/0f7d94864c70f7779b1613c607ff3a77\"},\"headline\":\"Une troisi\u00e8me victoire pour la loi covid\",\"datePublished\":\"2023-06-19T07:23:41+00:00\",\"dateModified\":\"2023-06-19T07:25:43+00:00\",\"mainEntityOfPage\":{\"@id\":\"https:\\\/\\\/lorenzhess.ch\\\/fr\\\/2023\\\/06\\\/19\\\/une-troisieme-victoire-pour-la-loi-covid\\\/\"},\"wordCount\":1972,\"image\":{\"@id\":\"https:\\\/\\\/lorenzhess.ch\\\/fr\\\/2023\\\/06\\\/19\\\/une-troisieme-victoire-pour-la-loi-covid\\\/#primaryimage\"},\"thumbnailUrl\":\"https:\\\/\\\/lorenzhess.ch\\\/wp-content\\\/uploads\\\/2023\\\/06\\\/Lorenz_Hess_LeTemps.jpg\",\"keywords\":[\"landscape\"],\"articleSection\":[\"Dans les m\u00e9dias\"],\"inLanguage\":\"fr-FR\"},{\"@type\":\"WebPage\",\"@id\":\"https:\\\/\\\/lorenzhess.ch\\\/fr\\\/2023\\\/06\\\/19\\\/une-troisieme-victoire-pour-la-loi-covid\\\/\",\"url\":\"https:\\\/\\\/lorenzhess.ch\\\/fr\\\/2023\\\/06\\\/19\\\/une-troisieme-victoire-pour-la-loi-covid\\\/\",\"name\":\"Une troisi\u00e8me victoire pour la loi covid - Lorenz Hess - Die Mitte\",\"isPartOf\":{\"@id\":\"https:\\\/\\\/lorenzhess.ch\\\/fr\\\/#website\"},\"primaryImageOfPage\":{\"@id\":\"https:\\\/\\\/lorenzhess.ch\\\/fr\\\/2023\\\/06\\\/19\\\/une-troisieme-victoire-pour-la-loi-covid\\\/#primaryimage\"},\"image\":{\"@id\":\"https:\\\/\\\/lorenzhess.ch\\\/fr\\\/2023\\\/06\\\/19\\\/une-troisieme-victoire-pour-la-loi-covid\\\/#primaryimage\"},\"thumbnailUrl\":\"https:\\\/\\\/lorenzhess.ch\\\/wp-content\\\/uploads\\\/2023\\\/06\\\/Lorenz_Hess_LeTemps.jpg\",\"datePublished\":\"2023-06-19T07:23:41+00:00\",\"dateModified\":\"2023-06-19T07:25:43+00:00\",\"author\":{\"@id\":\"https:\\\/\\\/lorenzhess.ch\\\/fr\\\/#\\\/schema\\\/person\\\/0f7d94864c70f7779b1613c607ff3a77\"},\"description\":\"Le peuple suisse a largement approuv\u00e9 une prolongation de la loi covid d\u2019ici \u00e0 juin 2024, cela \u00e0 une majorit\u00e9 de 62%.\",\"breadcrumb\":{\"@id\":\"https:\\\/\\\/lorenzhess.ch\\\/fr\\\/2023\\\/06\\\/19\\\/une-troisieme-victoire-pour-la-loi-covid\\\/#breadcrumb\"},\"inLanguage\":\"fr-FR\",\"potentialAction\":[{\"@type\":\"ReadAction\",\"target\":[\"https:\\\/\\\/lorenzhess.ch\\\/fr\\\/2023\\\/06\\\/19\\\/une-troisieme-victoire-pour-la-loi-covid\\\/\"]}]},{\"@type\":\"ImageObject\",\"inLanguage\":\"fr-FR\",\"@id\":\"https:\\\/\\\/lorenzhess.ch\\\/fr\\\/2023\\\/06\\\/19\\\/une-troisieme-victoire-pour-la-loi-covid\\\/#primaryimage\",\"url\":\"https:\\\/\\\/lorenzhess.ch\\\/wp-content\\\/uploads\\\/2023\\\/06\\\/Lorenz_Hess_LeTemps.jpg\",\"contentUrl\":\"https:\\\/\\\/lorenzhess.ch\\\/wp-content\\\/uploads\\\/2023\\\/06\\\/Lorenz_Hess_LeTemps.jpg\",\"width\":720,\"height\":405},{\"@type\":\"BreadcrumbList\",\"@id\":\"https:\\\/\\\/lorenzhess.ch\\\/fr\\\/2023\\\/06\\\/19\\\/une-troisieme-victoire-pour-la-loi-covid\\\/#breadcrumb\",\"itemListElement\":[{\"@type\":\"ListItem\",\"position\":1,\"name\":\"Home\",\"item\":\"https:\\\/\\\/lorenzhess.ch\\\/fr\\\/\"},{\"@type\":\"ListItem\",\"position\":2,\"name\":\"Une troisi\u00e8me victoire pour la loi covid\"}]},{\"@type\":\"WebSite\",\"@id\":\"https:\\\/\\\/lorenzhess.ch\\\/fr\\\/#website\",\"url\":\"https:\\\/\\\/lorenzhess.ch\\\/fr\\\/\",\"name\":\"Lorenz Hess - Die Mitte\",\"description\":\"B\u00fcrgerlich denken. Nachhaltig handeln.\",\"potentialAction\":[{\"@type\":\"SearchAction\",\"target\":{\"@type\":\"EntryPoint\",\"urlTemplate\":\"https:\\\/\\\/lorenzhess.ch\\\/fr\\\/?s={search_term_string}\"},\"query-input\":{\"@type\":\"PropertyValueSpecification\",\"valueRequired\":true,\"valueName\":\"search_term_string\"}}],\"inLanguage\":\"fr-FR\"},{\"@type\":\"Person\",\"@id\":\"https:\\\/\\\/lorenzhess.ch\\\/fr\\\/#\\\/schema\\\/person\\\/0f7d94864c70f7779b1613c607ff3a77\",\"name\":\"furrerhugi_dt\",\"image\":{\"@type\":\"ImageObject\",\"inLanguage\":\"fr-FR\",\"@id\":\"https:\\\/\\\/secure.gravatar.com\\\/avatar\\\/87869a587a8496c2c5bfc8bb6383829a08ad0224db7761e45c33afa63817923e?s=96&d=mm&r=g\",\"url\":\"https:\\\/\\\/secure.gravatar.com\\\/avatar\\\/87869a587a8496c2c5bfc8bb6383829a08ad0224db7761e45c33afa63817923e?s=96&d=mm&r=g\",\"contentUrl\":\"https:\\\/\\\/secure.gravatar.com\\\/avatar\\\/87869a587a8496c2c5bfc8bb6383829a08ad0224db7761e45c33afa63817923e?s=96&d=mm&r=g\",\"caption\":\"furrerhugi_dt\"},\"sameAs\":[\"http:\\\/\\\/sanuvazo.cyon.site\"],\"url\":\"https:\\\/\\\/lorenzhess.ch\\\/fr\\\/author\\\/furrerhugi_dt\\\/\"}]}<\/script>\n<!-- \/ Yoast SEO plugin. -->","yoast_head_json":{"title":"Une troisi\u00e8me victoire pour la loi covid - Lorenz Hess - Die Mitte","description":"Le peuple suisse a largement approuv\u00e9 une prolongation de la loi covid d\u2019ici \u00e0 juin 2024, cela \u00e0 une majorit\u00e9 de 62%.","robots":{"index":"index","follow":"follow","max-snippet":"max-snippet:-1","max-image-preview":"max-image-preview:large","max-video-preview":"max-video-preview:-1"},"canonical":"https:\/\/lorenzhess.ch\/fr\/2023\/06\/19\/une-troisieme-victoire-pour-la-loi-covid\/","og_locale":"fr_FR","og_type":"article","og_title":"Une troisi\u00e8me victoire pour la loi covid","og_description":"Le peuple suisse a largement approuv\u00e9 une prolongation de la loi covid d\u2019ici \u00e0 juin 2024, cela \u00e0 une majorit\u00e9 de 62%.","og_url":"https:\/\/lorenzhess.ch\/fr\/2023\/06\/19\/une-troisieme-victoire-pour-la-loi-covid\/","og_site_name":"Lorenz Hess - Die Mitte","article_published_time":"2023-06-19T07:23:41+00:00","article_modified_time":"2023-06-19T07:25:43+00:00","og_image":[{"url":"https:\/\/lorenzhess.ch\/wp-content\/uploads\/2023\/06\/Lorenz_Hess_LeTemps-720x321.jpg","type":"","width":"","height":""}],"author":"furrerhugi_dt","twitter_card":"summary_large_image","twitter_title":"Une troisi\u00e8me victoire pour la loi covid","twitter_description":"Le peuple suisse a largement approuv\u00e9 une prolongation de la loi covid d\u2019ici \u00e0 juin 2024, cela \u00e0 une majorit\u00e9 de 62%.","twitter_image":"https:\/\/lorenzhess.ch\/wp-content\/uploads\/2023\/06\/Lorenz_Hess_LeTemps-720x321.jpg","schema":{"@context":"https:\/\/schema.org","@graph":[{"@type":"Article","@id":"https:\/\/lorenzhess.ch\/fr\/2023\/06\/19\/une-troisieme-victoire-pour-la-loi-covid\/#article","isPartOf":{"@id":"https:\/\/lorenzhess.ch\/fr\/2023\/06\/19\/une-troisieme-victoire-pour-la-loi-covid\/"},"author":{"name":"furrerhugi_dt","@id":"https:\/\/lorenzhess.ch\/fr\/#\/schema\/person\/0f7d94864c70f7779b1613c607ff3a77"},"headline":"Une troisi\u00e8me victoire pour la loi covid","datePublished":"2023-06-19T07:23:41+00:00","dateModified":"2023-06-19T07:25:43+00:00","mainEntityOfPage":{"@id":"https:\/\/lorenzhess.ch\/fr\/2023\/06\/19\/une-troisieme-victoire-pour-la-loi-covid\/"},"wordCount":1972,"image":{"@id":"https:\/\/lorenzhess.ch\/fr\/2023\/06\/19\/une-troisieme-victoire-pour-la-loi-covid\/#primaryimage"},"thumbnailUrl":"https:\/\/lorenzhess.ch\/wp-content\/uploads\/2023\/06\/Lorenz_Hess_LeTemps.jpg","keywords":["landscape"],"articleSection":["Dans les m\u00e9dias"],"inLanguage":"fr-FR"},{"@type":"WebPage","@id":"https:\/\/lorenzhess.ch\/fr\/2023\/06\/19\/une-troisieme-victoire-pour-la-loi-covid\/","url":"https:\/\/lorenzhess.ch\/fr\/2023\/06\/19\/une-troisieme-victoire-pour-la-loi-covid\/","name":"Une troisi\u00e8me victoire pour la loi covid - Lorenz Hess - Die Mitte","isPartOf":{"@id":"https:\/\/lorenzhess.ch\/fr\/#website"},"primaryImageOfPage":{"@id":"https:\/\/lorenzhess.ch\/fr\/2023\/06\/19\/une-troisieme-victoire-pour-la-loi-covid\/#primaryimage"},"image":{"@id":"https:\/\/lorenzhess.ch\/fr\/2023\/06\/19\/une-troisieme-victoire-pour-la-loi-covid\/#primaryimage"},"thumbnailUrl":"https:\/\/lorenzhess.ch\/wp-content\/uploads\/2023\/06\/Lorenz_Hess_LeTemps.jpg","datePublished":"2023-06-19T07:23:41+00:00","dateModified":"2023-06-19T07:25:43+00:00","author":{"@id":"https:\/\/lorenzhess.ch\/fr\/#\/schema\/person\/0f7d94864c70f7779b1613c607ff3a77"},"description":"Le peuple suisse a largement approuv\u00e9 une prolongation de la loi covid d\u2019ici \u00e0 juin 2024, cela \u00e0 une majorit\u00e9 de 62%.","breadcrumb":{"@id":"https:\/\/lorenzhess.ch\/fr\/2023\/06\/19\/une-troisieme-victoire-pour-la-loi-covid\/#breadcrumb"},"inLanguage":"fr-FR","potentialAction":[{"@type":"ReadAction","target":["https:\/\/lorenzhess.ch\/fr\/2023\/06\/19\/une-troisieme-victoire-pour-la-loi-covid\/"]}]},{"@type":"ImageObject","inLanguage":"fr-FR","@id":"https:\/\/lorenzhess.ch\/fr\/2023\/06\/19\/une-troisieme-victoire-pour-la-loi-covid\/#primaryimage","url":"https:\/\/lorenzhess.ch\/wp-content\/uploads\/2023\/06\/Lorenz_Hess_LeTemps.jpg","contentUrl":"https:\/\/lorenzhess.ch\/wp-content\/uploads\/2023\/06\/Lorenz_Hess_LeTemps.jpg","width":720,"height":405},{"@type":"BreadcrumbList","@id":"https:\/\/lorenzhess.ch\/fr\/2023\/06\/19\/une-troisieme-victoire-pour-la-loi-covid\/#breadcrumb","itemListElement":[{"@type":"ListItem","position":1,"name":"Home","item":"https:\/\/lorenzhess.ch\/fr\/"},{"@type":"ListItem","position":2,"name":"Une troisi\u00e8me victoire pour la loi covid"}]},{"@type":"WebSite","@id":"https:\/\/lorenzhess.ch\/fr\/#website","url":"https:\/\/lorenzhess.ch\/fr\/","name":"Lorenz Hess - Die Mitte","description":"B\u00fcrgerlich denken. Nachhaltig handeln.","potentialAction":[{"@type":"SearchAction","target":{"@type":"EntryPoint","urlTemplate":"https:\/\/lorenzhess.ch\/fr\/?s={search_term_string}"},"query-input":{"@type":"PropertyValueSpecification","valueRequired":true,"valueName":"search_term_string"}}],"inLanguage":"fr-FR"},{"@type":"Person","@id":"https:\/\/lorenzhess.ch\/fr\/#\/schema\/person\/0f7d94864c70f7779b1613c607ff3a77","name":"furrerhugi_dt","image":{"@type":"ImageObject","inLanguage":"fr-FR","@id":"https:\/\/secure.gravatar.com\/avatar\/87869a587a8496c2c5bfc8bb6383829a08ad0224db7761e45c33afa63817923e?s=96&d=mm&r=g","url":"https:\/\/secure.gravatar.com\/avatar\/87869a587a8496c2c5bfc8bb6383829a08ad0224db7761e45c33afa63817923e?s=96&d=mm&r=g","contentUrl":"https:\/\/secure.gravatar.com\/avatar\/87869a587a8496c2c5bfc8bb6383829a08ad0224db7761e45c33afa63817923e?s=96&d=mm&r=g","caption":"furrerhugi_dt"},"sameAs":["http:\/\/sanuvazo.cyon.site"],"url":"https:\/\/lorenzhess.ch\/fr\/author\/furrerhugi_dt\/"}]}},"_links":{"self":[{"href":"https:\/\/lorenzhess.ch\/fr\/wp-json\/wp\/v2\/posts\/2855","targetHints":{"allow":["GET"]}}],"collection":[{"href":"https:\/\/lorenzhess.ch\/fr\/wp-json\/wp\/v2\/posts"}],"about":[{"href":"https:\/\/lorenzhess.ch\/fr\/wp-json\/wp\/v2\/types\/post"}],"author":[{"embeddable":true,"href":"https:\/\/lorenzhess.ch\/fr\/wp-json\/wp\/v2\/users\/1"}],"replies":[{"embeddable":true,"href":"https:\/\/lorenzhess.ch\/fr\/wp-json\/wp\/v2\/comments?post=2855"}],"version-history":[{"count":3,"href":"https:\/\/lorenzhess.ch\/fr\/wp-json\/wp\/v2\/posts\/2855\/revisions"}],"predecessor-version":[{"id":2858,"href":"https:\/\/lorenzhess.ch\/fr\/wp-json\/wp\/v2\/posts\/2855\/revisions\/2858"}],"wp:featuredmedia":[{"embeddable":true,"href":"https:\/\/lorenzhess.ch\/fr\/wp-json\/wp\/v2\/media\/2849"}],"wp:attachment":[{"href":"https:\/\/lorenzhess.ch\/fr\/wp-json\/wp\/v2\/media?parent=2855"}],"wp:term":[{"taxonomy":"category","embeddable":true,"href":"https:\/\/lorenzhess.ch\/fr\/wp-json\/wp\/v2\/categories?post=2855"},{"taxonomy":"post_tag","embeddable":true,"href":"https:\/\/lorenzhess.ch\/fr\/wp-json\/wp\/v2\/tags?post=2855"}],"curies":[{"name":"wp","href":"https:\/\/api.w.org\/{rel}","templated":true}]}}