{"id":2979,"date":"2023-07-12T17:41:11","date_gmt":"2023-07-12T15:41:11","guid":{"rendered":"https:\/\/lorenzhess.ch\/2023\/08\/16\/je-suis-a-120-convaincu-que-les-soins-integres-doivent-etre-prioritaires\/"},"modified":"2023-08-16T17:45:07","modified_gmt":"2023-08-16T15:45:07","slug":"je-suis-a-120-convaincu-que-les-soins-integres-doivent-etre-prioritaires","status":"publish","type":"post","link":"https:\/\/lorenzhess.ch\/fr\/2023\/07\/12\/je-suis-a-120-convaincu-que-les-soins-integres-doivent-etre-prioritaires\/","title":{"rendered":"\u00abJe suis \u00e0 120% convaincu que les soins int\u00e9gr\u00e9s doivent \u00eatre prioritaires\u00bb"},"content":{"rendered":"<div id='av_section_1'  class='avia-section av-6b7ag7-e425d7627b3f06a97aeb8a1a11a94f9d main_color avia-section-default avia-no-border-styling  avia-builder-el-0  el_before_av_section  avia-builder-el-first  av-small-hide av-mini-hide avia-bg-style-scroll container_wrap sidebar_right'  ><div class='container av-section-cont-open' ><main  role=\"main\" itemprop=\"mainContentOfPage\"  class='template-page content  av-content-small alpha units'><div class='post-entry post-entry-type-page post-entry-2979'><div class='entry-content-wrapper clearfix'>\n\n<style type=\"text\/css\" data-created_by=\"avia_inline_auto\" id=\"style-css-av-hif6v-9fa4848427649b3d1cfc761d4b4dc979\">\n.flex_column.av-hif6v-9fa4848427649b3d1cfc761d4b4dc979{\npadding:0 0 0 149px;\n}\n<\/style>\n<div class='flex_column av-hif6v-9fa4848427649b3d1cfc761d4b4dc979 av_one_full  avia-builder-el-1  avia-builder-el-no-sibling  first flex_column_div '     ><section  class='av_textblock_section av-lldvrjzi-96a951a5057daae0ce13a6d44469c5f9'  itemscope=\"itemscope\" itemtype=\"https:\/\/schema.org\/BlogPosting\" itemprop=\"blogPost\" ><div class='avia_textblock'  itemprop=\"text\" ><h1 class=\"entry-title\">\u00abJe suis \u00e0 120% convaincu que les soins<br \/>\nint\u00e9gr\u00e9s doivent \u00eatre prioritaires\u00bb<\/h1>\n<p>Apr\u00e8s la cr\u00e9ation du R\u00e9seau de l\u2019Arc, le groupe Visana franchit la prochaine \u00e9tape avec une participation dans Swiss Medical Network. Entretien avec son pr\u00e9sident Lorenz Hess.<\/p>\n<div class=\"Article_elementTextblockarray__PafgJ\"><\/div>\n<p><a href=\"https:\/\/lorenzhess.ch\/wp-content\/uploads\/2023\/08\/AGEFI_Visana_Interview-Lorenz-Hess_S4_2023-07-12.pdf\" target=\"_blank\" rel=\"noopener\">Article dans l&rsquo;AGEFI<\/a><\/p>\n<\/div><\/section><br \/>\n\n<style type=\"text\/css\" data-created_by=\"avia_inline_auto\" id=\"style-css-av-lldvtont-9b5db0f44e9d07de24aab3e80c941022\">\n.avia-image-container.av-lldvtont-9b5db0f44e9d07de24aab3e80c941022 img.avia_image{\nbox-shadow:none;\n}\n.avia-image-container.av-lldvtont-9b5db0f44e9d07de24aab3e80c941022 .av-image-caption-overlay-center{\ncolor:#ffffff;\n}\n<\/style>\n<div  class='avia-image-container av-lldvtont-9b5db0f44e9d07de24aab3e80c941022 av-styling- avia-align-left  avia-builder-el-3  el_after_av_textblock  el_before_av_social_share '   itemprop=\"image\" itemscope=\"itemscope\" itemtype=\"https:\/\/schema.org\/ImageObject\" ><div class=\"avia-image-container-inner\"><div class=\"avia-image-overlay-wrap\"><img decoding=\"async\" class='wp-image-2969 avia-img-lazy-loading-not-2969 avia_image ' src=\"https:\/\/lorenzhess.ch\/wp-content\/uploads\/2023\/08\/Lorenz_Hess_AGEFI.png\" alt='' title='Lorenz_Hess_AGEFI'  height=\"765\" width=\"1123\"  itemprop=\"thumbnailUrl\" srcset=\"https:\/\/lorenzhess.ch\/wp-content\/uploads\/2023\/08\/Lorenz_Hess_AGEFI.png 1123w, https:\/\/lorenzhess.ch\/wp-content\/uploads\/2023\/08\/Lorenz_Hess_AGEFI-300x204.png 300w, https:\/\/lorenzhess.ch\/wp-content\/uploads\/2023\/08\/Lorenz_Hess_AGEFI-1030x702.png 1030w, https:\/\/lorenzhess.ch\/wp-content\/uploads\/2023\/08\/Lorenz_Hess_AGEFI-768x523.png 768w, https:\/\/lorenzhess.ch\/wp-content\/uploads\/2023\/08\/Lorenz_Hess_AGEFI-705x480.png 705w\" sizes=\"(max-width: 1123px) 100vw, 1123px\" \/><\/div><\/div><\/div><br \/>\n<div  class='av-social-sharing-box av-276abb-06ce3266f66650857a874fe819abc141 av-social-sharing-box-icon  avia-builder-el-4  el_after_av_image  avia-builder-el-last  av-social-sharing-box-same-width'><div class=\"av-share-box\"><ul class=\"av-share-box-list noLightbox\"><li class='av-share-link av-social-link-facebook' ><a target=\"_blank\" aria-label=\"Partager sur Facebook\" href='https:\/\/www.facebook.com\/sharer.php?u=https:\/\/lorenzhess.ch\/fr\/2023\/07\/12\/je-suis-a-120-convaincu-que-les-soins-integres-doivent-etre-prioritaires\/&#038;t=%C2%ABJe%20suis%20%C3%A0%20120%25%20convaincu%20que%20les%20soins%20int%C3%A9gr%C3%A9s%20doivent%20%C3%AAtre%20prioritaires%C2%BB' aria-hidden='false' data-av_icon='\ue8f3' data-av_iconfont='entypo-fontello' title='' data-avia-related-tooltip='Partager sur Facebook' rel=\"noopener\"><span class='avia_hidden_link_text'>Partager sur Facebook<\/span><\/a><\/li><li class='av-share-link av-social-link-twitter' ><a target=\"_blank\" aria-label=\"Partager sur Twitter\" href='https:\/\/twitter.com\/share?text=%C2%ABJe%20suis%20%C3%A0%20120%25%20convaincu%20que%20les%20soins%20int%C3%A9gr%C3%A9s%20doivent%20%C3%AAtre%20prioritaires%C2%BB&#038;url=https:\/\/lorenzhess.ch\/fr\/?p=2979' aria-hidden='false' data-av_icon='\ue8f1' data-av_iconfont='entypo-fontello' title='' data-avia-related-tooltip='Partager sur Twitter' rel=\"noopener\"><span class='avia_hidden_link_text'>Partager sur Twitter<\/span><\/a><\/li><li class='av-share-link av-social-link-linkedin' ><a target=\"_blank\" aria-label=\"Partager sur LinkedIn\" href='https:\/\/linkedin.com\/shareArticle?mini=true&#038;title=%C2%ABJe%20suis%20%C3%A0%20120%25%20convaincu%20que%20les%20soins%20int%C3%A9gr%C3%A9s%20doivent%20%C3%AAtre%20prioritaires%C2%BB&#038;url=https:\/\/lorenzhess.ch\/fr\/2023\/07\/12\/je-suis-a-120-convaincu-que-les-soins-integres-doivent-etre-prioritaires\/' aria-hidden='false' data-av_icon='\ue8fc' data-av_iconfont='entypo-fontello' title='' data-avia-related-tooltip='Partager sur LinkedIn' rel=\"noopener\"><span class='avia_hidden_link_text'>Partager sur LinkedIn<\/span><\/a><\/li><\/ul><\/div><\/div><\/p><\/div>\n\n<\/div><\/div><\/main><!-- close content main element --><\/div><\/div><div id='av_section_2'  class='avia-section av-lldwkb8l-737aa93d54ad2b05aac43fb485804f7f main_color avia-section-default avia-no-border-styling  avia-builder-el-5  el_after_av_section  avia-builder-el-last  av-desktop-hide av-medium-hide avia-bg-style-scroll container_wrap sidebar_right'  ><div class='container av-section-cont-open' ><div class='template-page content  av-content-small alpha units'><div class='post-entry post-entry-type-page post-entry-2979'><div class='entry-content-wrapper clearfix'>\n<div class='flex_column av-lldwk24o-a81a54e82c57310aaeeac431bc941fd9 av_one_full  avia-builder-el-6  avia-builder-el-no-sibling  first flex_column_div '     ><section  class='av_textblock_section av-av_textblock-7a1af7d8f9790576b1769c0a9f0449ed'  itemscope=\"itemscope\" itemtype=\"https:\/\/schema.org\/BlogPosting\" itemprop=\"blogPost\" ><div class='avia_textblock'  itemprop=\"text\" ><h1 class=\"entry-title\">\u00abJe suis \u00e0 120% convaincu que les soins<br \/>\nint\u00e9gr\u00e9s doivent \u00eatre prioritaires\u00bb<\/h1>\n<p>Apr\u00e8s la cr\u00e9ation du R\u00e9seau de l\u2019Arc, le groupe Visana franchit la prochaine \u00e9tape avec une participation dans Swiss Medical Network. Entretien avec son pr\u00e9sident Lorenz Hess.<\/p>\n<div class=\"Article_elementTextblockarray__PafgJ\"><\/div>\n<p><a href=\"https:\/\/lorenzhess.ch\/wp-content\/uploads\/2023\/08\/AGEFI_Visana_Interview-Lorenz-Hess_S4_2023-07-12.pdf\" target=\"_blank\" rel=\"noopener\">Article dans l&rsquo;AGEFI<\/a><\/p>\n<\/div><\/section><br \/>\n\n<style type=\"text\/css\" data-created_by=\"avia_inline_auto\" id=\"style-css-av-av_image-be1e459f8d13f122ab87f9bfb9a7a3fb\">\n.avia-image-container.av-av_image-be1e459f8d13f122ab87f9bfb9a7a3fb img.avia_image{\nbox-shadow:none;\n}\n.avia-image-container.av-av_image-be1e459f8d13f122ab87f9bfb9a7a3fb .av-image-caption-overlay-center{\ncolor:#ffffff;\n}\n<\/style>\n<div  class='avia-image-container av-av_image-be1e459f8d13f122ab87f9bfb9a7a3fb av-styling- avia-align-left  avia-builder-el-8  el_after_av_textblock  el_before_av_social_share '   itemprop=\"image\" itemscope=\"itemscope\" itemtype=\"https:\/\/schema.org\/ImageObject\" ><div class=\"avia-image-container-inner\"><div class=\"avia-image-overlay-wrap\"><img decoding=\"async\" class='wp-image-2969 avia-img-lazy-loading-not-2969 avia_image ' src=\"https:\/\/lorenzhess.ch\/wp-content\/uploads\/2023\/08\/Lorenz_Hess_AGEFI.png\" alt='' title='Lorenz_Hess_AGEFI'  height=\"765\" width=\"1123\"  itemprop=\"thumbnailUrl\" srcset=\"https:\/\/lorenzhess.ch\/wp-content\/uploads\/2023\/08\/Lorenz_Hess_AGEFI.png 1123w, https:\/\/lorenzhess.ch\/wp-content\/uploads\/2023\/08\/Lorenz_Hess_AGEFI-300x204.png 300w, https:\/\/lorenzhess.ch\/wp-content\/uploads\/2023\/08\/Lorenz_Hess_AGEFI-1030x702.png 1030w, https:\/\/lorenzhess.ch\/wp-content\/uploads\/2023\/08\/Lorenz_Hess_AGEFI-768x523.png 768w, https:\/\/lorenzhess.ch\/wp-content\/uploads\/2023\/08\/Lorenz_Hess_AGEFI-705x480.png 705w\" sizes=\"(max-width: 1123px) 100vw, 1123px\" \/><\/div><\/div><\/div><br \/>\n<div  class='av-social-sharing-box av-av_social_share-05ee01bc7f86d6d28e979469eee84a20 av-social-sharing-box-icon  avia-builder-el-9  el_after_av_image  avia-builder-el-last  av-social-sharing-box-same-width'><div class=\"av-share-box\"><ul class=\"av-share-box-list noLightbox\"><li class='av-share-link av-social-link-facebook' ><a target=\"_blank\" aria-label=\"Partager sur Facebook\" href='https:\/\/www.facebook.com\/sharer.php?u=https:\/\/lorenzhess.ch\/fr\/2023\/07\/12\/je-suis-a-120-convaincu-que-les-soins-integres-doivent-etre-prioritaires\/&#038;t=%C2%ABJe%20suis%20%C3%A0%20120%25%20convaincu%20que%20les%20soins%20int%C3%A9gr%C3%A9s%20doivent%20%C3%AAtre%20prioritaires%C2%BB' aria-hidden='false' data-av_icon='\ue8f3' data-av_iconfont='entypo-fontello' title='' data-avia-related-tooltip='Partager sur Facebook' rel=\"noopener\"><span class='avia_hidden_link_text'>Partager sur Facebook<\/span><\/a><\/li><li class='av-share-link av-social-link-twitter' ><a target=\"_blank\" aria-label=\"Partager sur Twitter\" href='https:\/\/twitter.com\/share?text=%C2%ABJe%20suis%20%C3%A0%20120%25%20convaincu%20que%20les%20soins%20int%C3%A9gr%C3%A9s%20doivent%20%C3%AAtre%20prioritaires%C2%BB&#038;url=https:\/\/lorenzhess.ch\/fr\/?p=2979' aria-hidden='false' data-av_icon='\ue8f1' data-av_iconfont='entypo-fontello' title='' data-avia-related-tooltip='Partager sur Twitter' rel=\"noopener\"><span class='avia_hidden_link_text'>Partager sur Twitter<\/span><\/a><\/li><li class='av-share-link av-social-link-linkedin' ><a target=\"_blank\" aria-label=\"Partager sur LinkedIn\" href='https:\/\/linkedin.com\/shareArticle?mini=true&#038;title=%C2%ABJe%20suis%20%C3%A0%20120%25%20convaincu%20que%20les%20soins%20int%C3%A9gr%C3%A9s%20doivent%20%C3%AAtre%20prioritaires%C2%BB&#038;url=https:\/\/lorenzhess.ch\/fr\/2023\/07\/12\/je-suis-a-120-convaincu-que-les-soins-integres-doivent-etre-prioritaires\/' aria-hidden='false' data-av_icon='\ue8fc' data-av_iconfont='entypo-fontello' title='' data-avia-related-tooltip='Partager sur LinkedIn' rel=\"noopener\"><span class='avia_hidden_link_text'>Partager sur LinkedIn<\/span><\/a><\/li><\/ul><\/div><\/div><\/p><\/div><\/div><\/div><\/div><!-- close content main div --><\/div><\/div><div id='after_section_2'  class='main_color av_default_container_wrap container_wrap sidebar_right'  ><div class='container av-section-cont-open' ><div class='template-page content  av-content-small alpha units'><div class='post-entry post-entry-type-page post-entry-2979'><div class='entry-content-wrapper clearfix'>\n","protected":false},"excerpt":{"rendered":"<p>l&rsquo;AGEFI<\/p>\n","protected":false},"author":1,"featured_media":2969,"comment_status":"closed","ping_status":"open","sticky":false,"template":"","format":"standard","meta":{"footnotes":""},"categories":[16],"tags":[19],"class_list":["post-2979","post","type-post","status-publish","format-standard","has-post-thumbnail","hentry","category-dans-les-medias","tag-landscape-fr"],"yoast_head":"<!-- This site is optimized with the Yoast SEO plugin v27.5 - https:\/\/yoast.com\/product\/yoast-seo-wordpress\/ -->\n<title>\u00abJe suis \u00e0 120% convaincu que les soins int\u00e9gr\u00e9s doivent \u00eatre prioritaires\u00bb - Lorenz Hess - Die Mitte<\/title>\n<meta name=\"robots\" content=\"index, follow, max-snippet:-1, max-image-preview:large, max-video-preview:-1\" \/>\n<link rel=\"canonical\" href=\"https:\/\/lorenzhess.ch\/fr\/2023\/07\/12\/je-suis-a-120-convaincu-que-les-soins-integres-doivent-etre-prioritaires\/\" \/>\n<meta property=\"og:locale\" content=\"fr_FR\" \/>\n<meta property=\"og:type\" content=\"article\" \/>\n<meta property=\"og:title\" content=\"\u00abJe suis \u00e0 120% convaincu que les soins int\u00e9gr\u00e9s doivent \u00eatre prioritaires\u00bb - Lorenz Hess - Die Mitte\" \/>\n<meta property=\"og:description\" content=\"l&#039;AGEFI\" \/>\n<meta property=\"og:url\" content=\"https:\/\/lorenzhess.ch\/fr\/2023\/07\/12\/je-suis-a-120-convaincu-que-les-soins-integres-doivent-etre-prioritaires\/\" \/>\n<meta property=\"og:site_name\" content=\"Lorenz Hess - Die Mitte\" \/>\n<meta property=\"article:published_time\" content=\"2023-07-12T15:41:11+00:00\" \/>\n<meta property=\"article:modified_time\" content=\"2023-08-16T15:45:07+00:00\" \/>\n<meta property=\"og:image\" content=\"https:\/\/lorenzhess.ch\/wp-content\/uploads\/2023\/08\/Lorenz_Hess_AGEFI.png\" \/>\n\t<meta property=\"og:image:width\" content=\"1123\" \/>\n\t<meta property=\"og:image:height\" content=\"765\" \/>\n\t<meta property=\"og:image:type\" content=\"image\/png\" \/>\n<meta name=\"author\" content=\"furrerhugi_dt\" \/>\n<meta name=\"twitter:card\" content=\"summary_large_image\" \/>\n<script type=\"application\/ld+json\" class=\"yoast-schema-graph\">{\"@context\":\"https:\\\/\\\/schema.org\",\"@graph\":[{\"@type\":\"Article\",\"@id\":\"https:\\\/\\\/lorenzhess.ch\\\/fr\\\/2023\\\/07\\\/12\\\/je-suis-a-120-convaincu-que-les-soins-integres-doivent-etre-prioritaires\\\/#article\",\"isPartOf\":{\"@id\":\"https:\\\/\\\/lorenzhess.ch\\\/fr\\\/2023\\\/07\\\/12\\\/je-suis-a-120-convaincu-que-les-soins-integres-doivent-etre-prioritaires\\\/\"},\"author\":{\"name\":\"furrerhugi_dt\",\"@id\":\"https:\\\/\\\/lorenzhess.ch\\\/fr\\\/#\\\/schema\\\/person\\\/0f7d94864c70f7779b1613c607ff3a77\"},\"headline\":\"\u00abJe suis \u00e0 120% convaincu que les soins int\u00e9gr\u00e9s doivent \u00eatre prioritaires\u00bb\",\"datePublished\":\"2023-07-12T15:41:11+00:00\",\"dateModified\":\"2023-08-16T15:45:07+00:00\",\"mainEntityOfPage\":{\"@id\":\"https:\\\/\\\/lorenzhess.ch\\\/fr\\\/2023\\\/07\\\/12\\\/je-suis-a-120-convaincu-que-les-soins-integres-doivent-etre-prioritaires\\\/\"},\"wordCount\":1814,\"image\":{\"@id\":\"https:\\\/\\\/lorenzhess.ch\\\/fr\\\/2023\\\/07\\\/12\\\/je-suis-a-120-convaincu-que-les-soins-integres-doivent-etre-prioritaires\\\/#primaryimage\"},\"thumbnailUrl\":\"https:\\\/\\\/lorenzhess.ch\\\/wp-content\\\/uploads\\\/2023\\\/08\\\/Lorenz_Hess_AGEFI.png\",\"keywords\":[\"landscape\"],\"articleSection\":[\"Dans les m\u00e9dias\"],\"inLanguage\":\"fr-FR\"},{\"@type\":\"WebPage\",\"@id\":\"https:\\\/\\\/lorenzhess.ch\\\/fr\\\/2023\\\/07\\\/12\\\/je-suis-a-120-convaincu-que-les-soins-integres-doivent-etre-prioritaires\\\/\",\"url\":\"https:\\\/\\\/lorenzhess.ch\\\/fr\\\/2023\\\/07\\\/12\\\/je-suis-a-120-convaincu-que-les-soins-integres-doivent-etre-prioritaires\\\/\",\"name\":\"\u00abJe suis \u00e0 120% convaincu que les soins int\u00e9gr\u00e9s doivent \u00eatre prioritaires\u00bb - Lorenz Hess - Die Mitte\",\"isPartOf\":{\"@id\":\"https:\\\/\\\/lorenzhess.ch\\\/fr\\\/#website\"},\"primaryImageOfPage\":{\"@id\":\"https:\\\/\\\/lorenzhess.ch\\\/fr\\\/2023\\\/07\\\/12\\\/je-suis-a-120-convaincu-que-les-soins-integres-doivent-etre-prioritaires\\\/#primaryimage\"},\"image\":{\"@id\":\"https:\\\/\\\/lorenzhess.ch\\\/fr\\\/2023\\\/07\\\/12\\\/je-suis-a-120-convaincu-que-les-soins-integres-doivent-etre-prioritaires\\\/#primaryimage\"},\"thumbnailUrl\":\"https:\\\/\\\/lorenzhess.ch\\\/wp-content\\\/uploads\\\/2023\\\/08\\\/Lorenz_Hess_AGEFI.png\",\"datePublished\":\"2023-07-12T15:41:11+00:00\",\"dateModified\":\"2023-08-16T15:45:07+00:00\",\"author\":{\"@id\":\"https:\\\/\\\/lorenzhess.ch\\\/fr\\\/#\\\/schema\\\/person\\\/0f7d94864c70f7779b1613c607ff3a77\"},\"breadcrumb\":{\"@id\":\"https:\\\/\\\/lorenzhess.ch\\\/fr\\\/2023\\\/07\\\/12\\\/je-suis-a-120-convaincu-que-les-soins-integres-doivent-etre-prioritaires\\\/#breadcrumb\"},\"inLanguage\":\"fr-FR\",\"potentialAction\":[{\"@type\":\"ReadAction\",\"target\":[\"https:\\\/\\\/lorenzhess.ch\\\/fr\\\/2023\\\/07\\\/12\\\/je-suis-a-120-convaincu-que-les-soins-integres-doivent-etre-prioritaires\\\/\"]}]},{\"@type\":\"ImageObject\",\"inLanguage\":\"fr-FR\",\"@id\":\"https:\\\/\\\/lorenzhess.ch\\\/fr\\\/2023\\\/07\\\/12\\\/je-suis-a-120-convaincu-que-les-soins-integres-doivent-etre-prioritaires\\\/#primaryimage\",\"url\":\"https:\\\/\\\/lorenzhess.ch\\\/wp-content\\\/uploads\\\/2023\\\/08\\\/Lorenz_Hess_AGEFI.png\",\"contentUrl\":\"https:\\\/\\\/lorenzhess.ch\\\/wp-content\\\/uploads\\\/2023\\\/08\\\/Lorenz_Hess_AGEFI.png\",\"width\":1123,\"height\":765},{\"@type\":\"BreadcrumbList\",\"@id\":\"https:\\\/\\\/lorenzhess.ch\\\/fr\\\/2023\\\/07\\\/12\\\/je-suis-a-120-convaincu-que-les-soins-integres-doivent-etre-prioritaires\\\/#breadcrumb\",\"itemListElement\":[{\"@type\":\"ListItem\",\"position\":1,\"name\":\"Home\",\"item\":\"https:\\\/\\\/lorenzhess.ch\\\/fr\\\/\"},{\"@type\":\"ListItem\",\"position\":2,\"name\":\"\u00abJe suis \u00e0 120% convaincu que les soins int\u00e9gr\u00e9s doivent \u00eatre prioritaires\u00bb\"}]},{\"@type\":\"WebSite\",\"@id\":\"https:\\\/\\\/lorenzhess.ch\\\/fr\\\/#website\",\"url\":\"https:\\\/\\\/lorenzhess.ch\\\/fr\\\/\",\"name\":\"Lorenz Hess - Die Mitte\",\"description\":\"B\u00fcrgerlich denken. Nachhaltig handeln.\",\"potentialAction\":[{\"@type\":\"SearchAction\",\"target\":{\"@type\":\"EntryPoint\",\"urlTemplate\":\"https:\\\/\\\/lorenzhess.ch\\\/fr\\\/?s={search_term_string}\"},\"query-input\":{\"@type\":\"PropertyValueSpecification\",\"valueRequired\":true,\"valueName\":\"search_term_string\"}}],\"inLanguage\":\"fr-FR\"},{\"@type\":\"Person\",\"@id\":\"https:\\\/\\\/lorenzhess.ch\\\/fr\\\/#\\\/schema\\\/person\\\/0f7d94864c70f7779b1613c607ff3a77\",\"name\":\"furrerhugi_dt\",\"image\":{\"@type\":\"ImageObject\",\"inLanguage\":\"fr-FR\",\"@id\":\"https:\\\/\\\/secure.gravatar.com\\\/avatar\\\/87869a587a8496c2c5bfc8bb6383829a08ad0224db7761e45c33afa63817923e?s=96&d=mm&r=g\",\"url\":\"https:\\\/\\\/secure.gravatar.com\\\/avatar\\\/87869a587a8496c2c5bfc8bb6383829a08ad0224db7761e45c33afa63817923e?s=96&d=mm&r=g\",\"contentUrl\":\"https:\\\/\\\/secure.gravatar.com\\\/avatar\\\/87869a587a8496c2c5bfc8bb6383829a08ad0224db7761e45c33afa63817923e?s=96&d=mm&r=g\",\"caption\":\"furrerhugi_dt\"},\"sameAs\":[\"http:\\\/\\\/sanuvazo.cyon.site\"],\"url\":\"https:\\\/\\\/lorenzhess.ch\\\/fr\\\/author\\\/furrerhugi_dt\\\/\"}]}<\/script>\n<!-- \/ Yoast SEO plugin. -->","yoast_head_json":{"title":"\u00abJe suis \u00e0 120% convaincu que les soins int\u00e9gr\u00e9s doivent \u00eatre prioritaires\u00bb - Lorenz Hess - Die Mitte","robots":{"index":"index","follow":"follow","max-snippet":"max-snippet:-1","max-image-preview":"max-image-preview:large","max-video-preview":"max-video-preview:-1"},"canonical":"https:\/\/lorenzhess.ch\/fr\/2023\/07\/12\/je-suis-a-120-convaincu-que-les-soins-integres-doivent-etre-prioritaires\/","og_locale":"fr_FR","og_type":"article","og_title":"\u00abJe suis \u00e0 120% convaincu que les soins int\u00e9gr\u00e9s doivent \u00eatre prioritaires\u00bb - Lorenz Hess - Die Mitte","og_description":"l'AGEFI","og_url":"https:\/\/lorenzhess.ch\/fr\/2023\/07\/12\/je-suis-a-120-convaincu-que-les-soins-integres-doivent-etre-prioritaires\/","og_site_name":"Lorenz Hess - Die Mitte","article_published_time":"2023-07-12T15:41:11+00:00","article_modified_time":"2023-08-16T15:45:07+00:00","og_image":[{"width":1123,"height":765,"url":"https:\/\/lorenzhess.ch\/wp-content\/uploads\/2023\/08\/Lorenz_Hess_AGEFI.png","type":"image\/png"}],"author":"furrerhugi_dt","twitter_card":"summary_large_image","schema":{"@context":"https:\/\/schema.org","@graph":[{"@type":"Article","@id":"https:\/\/lorenzhess.ch\/fr\/2023\/07\/12\/je-suis-a-120-convaincu-que-les-soins-integres-doivent-etre-prioritaires\/#article","isPartOf":{"@id":"https:\/\/lorenzhess.ch\/fr\/2023\/07\/12\/je-suis-a-120-convaincu-que-les-soins-integres-doivent-etre-prioritaires\/"},"author":{"name":"furrerhugi_dt","@id":"https:\/\/lorenzhess.ch\/fr\/#\/schema\/person\/0f7d94864c70f7779b1613c607ff3a77"},"headline":"\u00abJe suis \u00e0 120% convaincu que les soins int\u00e9gr\u00e9s doivent \u00eatre prioritaires\u00bb","datePublished":"2023-07-12T15:41:11+00:00","dateModified":"2023-08-16T15:45:07+00:00","mainEntityOfPage":{"@id":"https:\/\/lorenzhess.ch\/fr\/2023\/07\/12\/je-suis-a-120-convaincu-que-les-soins-integres-doivent-etre-prioritaires\/"},"wordCount":1814,"image":{"@id":"https:\/\/lorenzhess.ch\/fr\/2023\/07\/12\/je-suis-a-120-convaincu-que-les-soins-integres-doivent-etre-prioritaires\/#primaryimage"},"thumbnailUrl":"https:\/\/lorenzhess.ch\/wp-content\/uploads\/2023\/08\/Lorenz_Hess_AGEFI.png","keywords":["landscape"],"articleSection":["Dans les m\u00e9dias"],"inLanguage":"fr-FR"},{"@type":"WebPage","@id":"https:\/\/lorenzhess.ch\/fr\/2023\/07\/12\/je-suis-a-120-convaincu-que-les-soins-integres-doivent-etre-prioritaires\/","url":"https:\/\/lorenzhess.ch\/fr\/2023\/07\/12\/je-suis-a-120-convaincu-que-les-soins-integres-doivent-etre-prioritaires\/","name":"\u00abJe suis \u00e0 120% convaincu que les soins int\u00e9gr\u00e9s doivent \u00eatre prioritaires\u00bb - Lorenz Hess - Die Mitte","isPartOf":{"@id":"https:\/\/lorenzhess.ch\/fr\/#website"},"primaryImageOfPage":{"@id":"https:\/\/lorenzhess.ch\/fr\/2023\/07\/12\/je-suis-a-120-convaincu-que-les-soins-integres-doivent-etre-prioritaires\/#primaryimage"},"image":{"@id":"https:\/\/lorenzhess.ch\/fr\/2023\/07\/12\/je-suis-a-120-convaincu-que-les-soins-integres-doivent-etre-prioritaires\/#primaryimage"},"thumbnailUrl":"https:\/\/lorenzhess.ch\/wp-content\/uploads\/2023\/08\/Lorenz_Hess_AGEFI.png","datePublished":"2023-07-12T15:41:11+00:00","dateModified":"2023-08-16T15:45:07+00:00","author":{"@id":"https:\/\/lorenzhess.ch\/fr\/#\/schema\/person\/0f7d94864c70f7779b1613c607ff3a77"},"breadcrumb":{"@id":"https:\/\/lorenzhess.ch\/fr\/2023\/07\/12\/je-suis-a-120-convaincu-que-les-soins-integres-doivent-etre-prioritaires\/#breadcrumb"},"inLanguage":"fr-FR","potentialAction":[{"@type":"ReadAction","target":["https:\/\/lorenzhess.ch\/fr\/2023\/07\/12\/je-suis-a-120-convaincu-que-les-soins-integres-doivent-etre-prioritaires\/"]}]},{"@type":"ImageObject","inLanguage":"fr-FR","@id":"https:\/\/lorenzhess.ch\/fr\/2023\/07\/12\/je-suis-a-120-convaincu-que-les-soins-integres-doivent-etre-prioritaires\/#primaryimage","url":"https:\/\/lorenzhess.ch\/wp-content\/uploads\/2023\/08\/Lorenz_Hess_AGEFI.png","contentUrl":"https:\/\/lorenzhess.ch\/wp-content\/uploads\/2023\/08\/Lorenz_Hess_AGEFI.png","width":1123,"height":765},{"@type":"BreadcrumbList","@id":"https:\/\/lorenzhess.ch\/fr\/2023\/07\/12\/je-suis-a-120-convaincu-que-les-soins-integres-doivent-etre-prioritaires\/#breadcrumb","itemListElement":[{"@type":"ListItem","position":1,"name":"Home","item":"https:\/\/lorenzhess.ch\/fr\/"},{"@type":"ListItem","position":2,"name":"\u00abJe suis \u00e0 120% convaincu que les soins int\u00e9gr\u00e9s doivent \u00eatre prioritaires\u00bb"}]},{"@type":"WebSite","@id":"https:\/\/lorenzhess.ch\/fr\/#website","url":"https:\/\/lorenzhess.ch\/fr\/","name":"Lorenz Hess - Die Mitte","description":"B\u00fcrgerlich denken. Nachhaltig handeln.","potentialAction":[{"@type":"SearchAction","target":{"@type":"EntryPoint","urlTemplate":"https:\/\/lorenzhess.ch\/fr\/?s={search_term_string}"},"query-input":{"@type":"PropertyValueSpecification","valueRequired":true,"valueName":"search_term_string"}}],"inLanguage":"fr-FR"},{"@type":"Person","@id":"https:\/\/lorenzhess.ch\/fr\/#\/schema\/person\/0f7d94864c70f7779b1613c607ff3a77","name":"furrerhugi_dt","image":{"@type":"ImageObject","inLanguage":"fr-FR","@id":"https:\/\/secure.gravatar.com\/avatar\/87869a587a8496c2c5bfc8bb6383829a08ad0224db7761e45c33afa63817923e?s=96&d=mm&r=g","url":"https:\/\/secure.gravatar.com\/avatar\/87869a587a8496c2c5bfc8bb6383829a08ad0224db7761e45c33afa63817923e?s=96&d=mm&r=g","contentUrl":"https:\/\/secure.gravatar.com\/avatar\/87869a587a8496c2c5bfc8bb6383829a08ad0224db7761e45c33afa63817923e?s=96&d=mm&r=g","caption":"furrerhugi_dt"},"sameAs":["http:\/\/sanuvazo.cyon.site"],"url":"https:\/\/lorenzhess.ch\/fr\/author\/furrerhugi_dt\/"}]}},"_links":{"self":[{"href":"https:\/\/lorenzhess.ch\/fr\/wp-json\/wp\/v2\/posts\/2979","targetHints":{"allow":["GET"]}}],"collection":[{"href":"https:\/\/lorenzhess.ch\/fr\/wp-json\/wp\/v2\/posts"}],"about":[{"href":"https:\/\/lorenzhess.ch\/fr\/wp-json\/wp\/v2\/types\/post"}],"author":[{"embeddable":true,"href":"https:\/\/lorenzhess.ch\/fr\/wp-json\/wp\/v2\/users\/1"}],"replies":[{"embeddable":true,"href":"https:\/\/lorenzhess.ch\/fr\/wp-json\/wp\/v2\/comments?post=2979"}],"version-history":[{"count":3,"href":"https:\/\/lorenzhess.ch\/fr\/wp-json\/wp\/v2\/posts\/2979\/revisions"}],"predecessor-version":[{"id":2982,"href":"https:\/\/lorenzhess.ch\/fr\/wp-json\/wp\/v2\/posts\/2979\/revisions\/2982"}],"wp:featuredmedia":[{"embeddable":true,"href":"https:\/\/lorenzhess.ch\/fr\/wp-json\/wp\/v2\/media\/2969"}],"wp:attachment":[{"href":"https:\/\/lorenzhess.ch\/fr\/wp-json\/wp\/v2\/media?parent=2979"}],"wp:term":[{"taxonomy":"category","embeddable":true,"href":"https:\/\/lorenzhess.ch\/fr\/wp-json\/wp\/v2\/categories?post=2979"},{"taxonomy":"post_tag","embeddable":true,"href":"https:\/\/lorenzhess.ch\/fr\/wp-json\/wp\/v2\/tags?post=2979"}],"curies":[{"name":"wp","href":"https:\/\/api.w.org\/{rel}","templated":true}]}}