{"id":3340,"date":"2023-12-30T13:03:51","date_gmt":"2023-12-30T12:03:51","guid":{"rendered":"https:\/\/lorenzhess.ch\/2023\/12\/30\/dank-bernapark-kann-stettlen-laendlich-bleiben\/"},"modified":"2024-01-03T09:22:49","modified_gmt":"2024-01-03T08:22:49","slug":"rueckblick-22-jahre-gemeindepraesident","status":"publish","type":"post","link":"https:\/\/lorenzhess.ch\/fr\/2023\/12\/30\/rueckblick-22-jahre-gemeindepraesident\/","title":{"rendered":"R\u00fcckblick auf 22 Jahre Gemeindepr\u00e4sident"},"content":{"rendered":"<div id='av_section_1'  class='avia-section av-5suxgd-4e37af07338a5aefdfc3da64be082f87 main_color avia-section-default avia-no-border-styling  avia-builder-el-0  el_before_av_section  avia-builder-el-first  av-small-hide av-mini-hide avia-bg-style-scroll container_wrap sidebar_right'  ><div class='container av-section-cont-open' ><main  role=\"main\" itemprop=\"mainContentOfPage\"  class='template-page content  av-content-small alpha units'><div class='post-entry post-entry-type-page post-entry-3340'><div class='entry-content-wrapper clearfix'>\n\n<style type=\"text\/css\" data-created_by=\"avia_inline_auto\" id=\"style-css-av-49fwgt-42b35f57aacbfe035d5197f823e0476a\">\n.flex_column.av-49fwgt-42b35f57aacbfe035d5197f823e0476a{\npadding:0 0 0 149px;\n}\n<\/style>\n<div class='flex_column av-49fwgt-42b35f57aacbfe035d5197f823e0476a av_one_full  avia-builder-el-1  avia-builder-el-no-sibling  first flex_column_div '     ><section  class='av_textblock_section av-lnoney25-d4e1dafb9c68487d3f4cf5e2e07835ae'  itemscope=\"itemscope\" itemtype=\"https:\/\/schema.org\/BlogPosting\" itemprop=\"blogPost\" ><div class='avia_textblock'  itemprop=\"text\" ><h1 id=\"titel\" class=\"uk-h1 uk-margin uk-text-center\">R\u00fcckblick auf 22 Jahre Gemeindepr\u00e4sident<\/h1>\n<p class=\"ContentHead_lead____SsS link_regular__O0hk0 link_externalicon-big__ZdPgo link_externalicon__qcwXs\"><strong><span class=\"HtmlText_root__A1OSq\">Nach 22 Jahren gibt Lorenz Hess das Gemeindepr\u00e4sidium in der Berner Agglogemeinde ab. In seiner Amtszeit wurde Stettlen im Kanton Bern einzigartig.<\/span><\/strong><\/p>\n<div class=\"Article_elementTextblockarray__PafgJ\"><\/div>\n<p><a href=\"https:\/\/www.bernerzeitung.ch\/lorenz-hess-tritt-zurueck-dank-dem-bernapark-kann-stettlen-laendlich-bleiben-255894866716\" target=\"_blank\" rel=\"noopener\">Artikel auf bernerzeitung.ch<\/a><\/p>\n<\/div><\/section><br \/>\n\n<style type=\"text\/css\" data-created_by=\"avia_inline_auto\" id=\"style-css-av-lnonmp64-800983768a3ed1dd337896d90518d282\">\n.avia-image-container.av-lnonmp64-800983768a3ed1dd337896d90518d282 img.avia_image{\nbox-shadow:none;\n}\n.avia-image-container.av-lnonmp64-800983768a3ed1dd337896d90518d282 .av-image-caption-overlay-center{\ncolor:#ffffff;\n}\n<\/style>\n<div  class='avia-image-container av-lnonmp64-800983768a3ed1dd337896d90518d282 av-styling- avia-align-left  avia-builder-el-3  el_after_av_textblock  el_before_av_social_share '   itemprop=\"image\" itemscope=\"itemscope\" itemtype=\"https:\/\/schema.org\/ImageObject\" ><div class=\"avia-image-container-inner\"><div class=\"avia-image-overlay-wrap\"><img decoding=\"async\" class='wp-image-2608 avia-img-lazy-loading-not-2608 avia_image ' src=\"https:\/\/lorenzhess.ch\/wp-content\/uploads\/2023\/05\/Lorenz-Hes_Outdoor02-1030x687.jpg\" alt='Lorenz Hess im Wald' title='Lorenz-Hes_Outdoor02'  height=\"687\" width=\"1030\"  itemprop=\"thumbnailUrl\" srcset=\"https:\/\/lorenzhess.ch\/wp-content\/uploads\/2023\/05\/Lorenz-Hes_Outdoor02-1030x687.jpg 1030w, https:\/\/lorenzhess.ch\/wp-content\/uploads\/2023\/05\/Lorenz-Hes_Outdoor02-300x200.jpg 300w, https:\/\/lorenzhess.ch\/wp-content\/uploads\/2023\/05\/Lorenz-Hes_Outdoor02-768x512.jpg 768w, https:\/\/lorenzhess.ch\/wp-content\/uploads\/2023\/05\/Lorenz-Hes_Outdoor02-705x470.jpg 705w, https:\/\/lorenzhess.ch\/wp-content\/uploads\/2023\/05\/Lorenz-Hes_Outdoor02.jpg 1125w\" sizes=\"(max-width: 1030px) 100vw, 1030px\" \/><\/div><\/div><\/div><br \/>\n<div  class='av-social-sharing-box av-2qg3bh-de4742c05f9f2889b4347ee2d0025eda av-social-sharing-box-icon  avia-builder-el-4  el_after_av_image  avia-builder-el-last  av-social-sharing-box-same-width'><div class=\"av-share-box\"><ul class=\"av-share-box-list noLightbox\"><li class='av-share-link av-social-link-facebook' ><a target=\"_blank\" aria-label=\"Partager sur Facebook\" href='https:\/\/www.facebook.com\/sharer.php?u=https:\/\/lorenzhess.ch\/fr\/2023\/12\/30\/rueckblick-22-jahre-gemeindepraesident\/&#038;t=R%C3%BCckblick%20auf%2022%20Jahre%20Gemeindepr%C3%A4sident' aria-hidden='false' data-av_icon='\ue8f3' data-av_iconfont='entypo-fontello' title='' data-avia-related-tooltip='Partager sur Facebook' rel=\"noopener\"><span class='avia_hidden_link_text'>Partager sur Facebook<\/span><\/a><\/li><li class='av-share-link av-social-link-twitter' ><a target=\"_blank\" aria-label=\"Partager sur Twitter\" href='https:\/\/twitter.com\/share?text=R%C3%BCckblick%20auf%2022%20Jahre%20Gemeindepr%C3%A4sident&#038;url=https:\/\/lorenzhess.ch\/fr\/?p=3340' aria-hidden='false' data-av_icon='\ue8f1' data-av_iconfont='entypo-fontello' title='' data-avia-related-tooltip='Partager sur Twitter' rel=\"noopener\"><span class='avia_hidden_link_text'>Partager sur Twitter<\/span><\/a><\/li><li class='av-share-link av-social-link-linkedin' ><a target=\"_blank\" aria-label=\"Partager sur LinkedIn\" href='https:\/\/linkedin.com\/shareArticle?mini=true&#038;title=R%C3%BCckblick%20auf%2022%20Jahre%20Gemeindepr%C3%A4sident&#038;url=https:\/\/lorenzhess.ch\/fr\/2023\/12\/30\/rueckblick-22-jahre-gemeindepraesident\/' aria-hidden='false' data-av_icon='\ue8fc' data-av_iconfont='entypo-fontello' title='' data-avia-related-tooltip='Partager sur LinkedIn' rel=\"noopener\"><span class='avia_hidden_link_text'>Partager sur LinkedIn<\/span><\/a><\/li><\/ul><\/div><\/div><\/p><\/div><\/div><\/div><\/main><!-- close content main element --><\/div><\/div><div id='av_section_2'  class='avia-section av-lnonw21u-1b93e6382383173a51521f882bf17c51 main_color avia-section-default avia-no-border-styling  avia-builder-el-5  el_after_av_section  avia-builder-el-last  av-desktop-hide av-medium-hide avia-bg-style-scroll container_wrap sidebar_right'  ><div class='container av-section-cont-open' ><div class='template-page content  av-content-small alpha units'><div class='post-entry post-entry-type-page post-entry-3340'><div class='entry-content-wrapper clearfix'>\n<div class='flex_column av-lnonwaf6-db9d0a08d542a9e406c2220641f3831d av_one_full  avia-builder-el-6  avia-builder-el-no-sibling  first flex_column_div '     ><section  class='av_textblock_section av-65tbkt-83e3f827abb82bd0e313fcac31eb59ca'  itemscope=\"itemscope\" itemtype=\"https:\/\/schema.org\/BlogPosting\" itemprop=\"blogPost\" ><div class='avia_textblock'  itemprop=\"text\" ><h1 id=\"titel\" class=\"uk-h1 uk-margin uk-text-center\">R\u00fcckblick auf 22 Jahre Gemeindepr\u00e4sident<\/h1>\n<p><strong><span class=\"HtmlText_root__A1OSq\">Nach 22 Jahren gibt Lorenz Hess das Gemeindepr\u00e4sidium in der Berner Agglogemeinde ab. In seiner Amtszeit wurde Stettlen im Kanton Bern einzigartig.<\/span><\/strong><\/p>\n<div class=\"Article_elementTextblockarray__PafgJ\"><\/div>\n<p><a href=\"https:\/\/www.bernerzeitung.ch\/lorenz-hess-tritt-zurueck-dank-dem-bernapark-kann-stettlen-laendlich-bleiben-255894866716\" target=\"_blank\" rel=\"noopener\">Artikel auf bernerzeitung.ch<\/a><\/p>\n<\/div><\/section><br \/>\n\n<style type=\"text\/css\" data-created_by=\"avia_inline_auto\" id=\"style-css-av-4xi8ql-0c9815748b5883371f4c32f7dc66fa1e\">\n.avia-image-container.av-4xi8ql-0c9815748b5883371f4c32f7dc66fa1e img.avia_image{\nbox-shadow:none;\n}\n.avia-image-container.av-4xi8ql-0c9815748b5883371f4c32f7dc66fa1e .av-image-caption-overlay-center{\ncolor:#ffffff;\n}\n<\/style>\n<div  class='avia-image-container av-4xi8ql-0c9815748b5883371f4c32f7dc66fa1e av-styling- avia-align-left  avia-builder-el-8  el_after_av_textblock  el_before_av_social_share '   itemprop=\"image\" itemscope=\"itemscope\" itemtype=\"https:\/\/schema.org\/ImageObject\" ><div class=\"avia-image-container-inner\"><div class=\"avia-image-overlay-wrap\"><img decoding=\"async\" class='wp-image-2608 avia-img-lazy-loading-not-2608 avia_image ' src=\"https:\/\/lorenzhess.ch\/wp-content\/uploads\/2023\/05\/Lorenz-Hes_Outdoor02-1030x687.jpg\" alt='Lorenz Hess im Wald' title='Lorenz-Hes_Outdoor02'  height=\"687\" width=\"1030\"  itemprop=\"thumbnailUrl\" srcset=\"https:\/\/lorenzhess.ch\/wp-content\/uploads\/2023\/05\/Lorenz-Hes_Outdoor02-1030x687.jpg 1030w, https:\/\/lorenzhess.ch\/wp-content\/uploads\/2023\/05\/Lorenz-Hes_Outdoor02-300x200.jpg 300w, https:\/\/lorenzhess.ch\/wp-content\/uploads\/2023\/05\/Lorenz-Hes_Outdoor02-768x512.jpg 768w, https:\/\/lorenzhess.ch\/wp-content\/uploads\/2023\/05\/Lorenz-Hes_Outdoor02-705x470.jpg 705w, https:\/\/lorenzhess.ch\/wp-content\/uploads\/2023\/05\/Lorenz-Hes_Outdoor02.jpg 1125w\" sizes=\"(max-width: 1030px) 100vw, 1030px\" \/><\/div><\/div><\/div><br \/>\n<div  class='av-social-sharing-box av-1zrfzh-04686e32bac81490757d98a5a0d552b9 av-social-sharing-box-icon  avia-builder-el-9  el_after_av_image  avia-builder-el-last  av-social-sharing-box-same-width'><div class=\"av-share-box\"><ul class=\"av-share-box-list noLightbox\"><li class='av-share-link av-social-link-facebook' ><a target=\"_blank\" aria-label=\"Partager sur Facebook\" href='https:\/\/www.facebook.com\/sharer.php?u=https:\/\/lorenzhess.ch\/fr\/2023\/12\/30\/rueckblick-22-jahre-gemeindepraesident\/&#038;t=R%C3%BCckblick%20auf%2022%20Jahre%20Gemeindepr%C3%A4sident' aria-hidden='false' data-av_icon='\ue8f3' data-av_iconfont='entypo-fontello' title='' data-avia-related-tooltip='Partager sur Facebook' rel=\"noopener\"><span class='avia_hidden_link_text'>Partager sur Facebook<\/span><\/a><\/li><li class='av-share-link av-social-link-twitter' ><a target=\"_blank\" aria-label=\"Partager sur Twitter\" href='https:\/\/twitter.com\/share?text=R%C3%BCckblick%20auf%2022%20Jahre%20Gemeindepr%C3%A4sident&#038;url=https:\/\/lorenzhess.ch\/fr\/?p=3340' aria-hidden='false' data-av_icon='\ue8f1' data-av_iconfont='entypo-fontello' title='' data-avia-related-tooltip='Partager sur Twitter' rel=\"noopener\"><span class='avia_hidden_link_text'>Partager sur Twitter<\/span><\/a><\/li><li class='av-share-link av-social-link-linkedin' ><a target=\"_blank\" aria-label=\"Partager sur LinkedIn\" href='https:\/\/linkedin.com\/shareArticle?mini=true&#038;title=R%C3%BCckblick%20auf%2022%20Jahre%20Gemeindepr%C3%A4sident&#038;url=https:\/\/lorenzhess.ch\/fr\/2023\/12\/30\/rueckblick-22-jahre-gemeindepraesident\/' aria-hidden='false' data-av_icon='\ue8fc' data-av_iconfont='entypo-fontello' title='' data-avia-related-tooltip='Partager sur LinkedIn' rel=\"noopener\"><span class='avia_hidden_link_text'>Partager sur LinkedIn<\/span><\/a><\/li><\/ul><\/div><\/div><\/p><\/div><\/div><\/div><\/div><!-- close content main div --><\/div><\/div><div id='after_section_2'  class='main_color av_default_container_wrap container_wrap sidebar_right'  ><div class='container av-section-cont-open' ><div class='template-page content  av-content-small alpha units'><div class='post-entry post-entry-type-page post-entry-3340'><div class='entry-content-wrapper clearfix'><\/p>\n","protected":false},"excerpt":{"rendered":"<p>bernerzeitung.ch<\/p>\n","protected":false},"author":3,"featured_media":2608,"comment_status":"closed","ping_status":"open","sticky":false,"template":"","format":"standard","meta":{"footnotes":""},"categories":[16],"tags":[19],"class_list":["post-3340","post","type-post","status-publish","format-standard","has-post-thumbnail","hentry","category-dans-les-medias","tag-landscape-fr"],"yoast_head":"<!-- This site is optimized with the Yoast SEO plugin v27.5 - https:\/\/yoast.com\/product\/yoast-seo-wordpress\/ -->\n<title>R\u00fcckblick auf 22 Jahre Gemeindepr\u00e4sident - Lorenz Hess - Die Mitte<\/title>\n<meta name=\"description\" content=\"Nach 22 Jahren gibt Lorenz Hess das Gemeindepr\u00e4sidium in der Berner Agglogemeinde ab. In seiner Amtszeit wurde Stettlen im Kanton Bern einzigartig.\" \/>\n<meta name=\"robots\" content=\"index, follow, max-snippet:-1, max-image-preview:large, max-video-preview:-1\" \/>\n<link rel=\"canonical\" href=\"https:\/\/lorenzhess.ch\/fr\/2023\/12\/30\/rueckblick-22-jahre-gemeindepraesident\/\" \/>\n<meta property=\"og:locale\" content=\"fr_FR\" \/>\n<meta property=\"og:type\" content=\"article\" \/>\n<meta property=\"og:title\" content=\"R\u00fcckblick auf 22 Jahre Gemeindepr\u00e4sident\" \/>\n<meta property=\"og:description\" content=\"Nach 22 Jahren gibt Lorenz Hess das Gemeindepr\u00e4sidium in der Berner Agglogemeinde ab. In seiner Amtszeit wurde Stettlen im Kanton Bern einzigartig.\" \/>\n<meta property=\"og:url\" content=\"https:\/\/lorenzhess.ch\/fr\/2023\/12\/30\/rueckblick-22-jahre-gemeindepraesident\/\" \/>\n<meta property=\"og:site_name\" content=\"Lorenz Hess - Die Mitte\" \/>\n<meta property=\"article:published_time\" content=\"2023-12-30T12:03:51+00:00\" \/>\n<meta property=\"article:modified_time\" content=\"2024-01-03T08:22:49+00:00\" \/>\n<meta property=\"og:image\" content=\"https:\/\/lorenzhess.ch\/wp-content\/uploads\/2023\/05\/Lorenz-Hes_Outdoor02.jpg\" \/>\n\t<meta property=\"og:image:width\" content=\"1125\" \/>\n\t<meta property=\"og:image:height\" content=\"750\" \/>\n\t<meta property=\"og:image:type\" content=\"image\/jpeg\" \/>\n<meta name=\"author\" content=\"Redaktionsteam\" \/>\n<meta name=\"twitter:card\" content=\"summary_large_image\" \/>\n<meta name=\"twitter:title\" content=\"R\u00fcckblick auf 22 Jahre Gemeindepr\u00e4sident\" \/>\n<meta name=\"twitter:description\" content=\"Nach 22 Jahren gibt Lorenz Hess das Gemeindepr\u00e4sidium in der Berner Agglogemeinde ab. In seiner Amtszeit wurde Stettlen im Kanton Bern einzigartig.\" \/>\n<meta name=\"twitter:image\" content=\"https:\/\/lorenzhess.ch\/wp-content\/uploads\/2023\/05\/Lorenz-Hes_Outdoor02.jpg\" \/>\n<script type=\"application\/ld+json\" class=\"yoast-schema-graph\">{\"@context\":\"https:\\\/\\\/schema.org\",\"@graph\":[{\"@type\":\"Article\",\"@id\":\"https:\\\/\\\/lorenzhess.ch\\\/fr\\\/2023\\\/12\\\/30\\\/rueckblick-22-jahre-gemeindepraesident\\\/#article\",\"isPartOf\":{\"@id\":\"https:\\\/\\\/lorenzhess.ch\\\/fr\\\/2023\\\/12\\\/30\\\/rueckblick-22-jahre-gemeindepraesident\\\/\"},\"author\":{\"name\":\"Redaktionsteam\",\"@id\":\"https:\\\/\\\/lorenzhess.ch\\\/fr\\\/#\\\/schema\\\/person\\\/808417283f71963c0c111d685d4d8e09\"},\"headline\":\"R\u00fcckblick auf 22 Jahre Gemeindepr\u00e4sident\",\"datePublished\":\"2023-12-30T12:03:51+00:00\",\"dateModified\":\"2024-01-03T08:22:49+00:00\",\"mainEntityOfPage\":{\"@id\":\"https:\\\/\\\/lorenzhess.ch\\\/fr\\\/2023\\\/12\\\/30\\\/rueckblick-22-jahre-gemeindepraesident\\\/\"},\"wordCount\":1784,\"image\":{\"@id\":\"https:\\\/\\\/lorenzhess.ch\\\/fr\\\/2023\\\/12\\\/30\\\/rueckblick-22-jahre-gemeindepraesident\\\/#primaryimage\"},\"thumbnailUrl\":\"https:\\\/\\\/lorenzhess.ch\\\/wp-content\\\/uploads\\\/2023\\\/05\\\/Lorenz-Hes_Outdoor02.jpg\",\"keywords\":[\"landscape\"],\"articleSection\":[\"Dans les m\u00e9dias\"],\"inLanguage\":\"fr-FR\"},{\"@type\":\"WebPage\",\"@id\":\"https:\\\/\\\/lorenzhess.ch\\\/fr\\\/2023\\\/12\\\/30\\\/rueckblick-22-jahre-gemeindepraesident\\\/\",\"url\":\"https:\\\/\\\/lorenzhess.ch\\\/fr\\\/2023\\\/12\\\/30\\\/rueckblick-22-jahre-gemeindepraesident\\\/\",\"name\":\"R\u00fcckblick auf 22 Jahre Gemeindepr\u00e4sident - Lorenz Hess - Die Mitte\",\"isPartOf\":{\"@id\":\"https:\\\/\\\/lorenzhess.ch\\\/fr\\\/#website\"},\"primaryImageOfPage\":{\"@id\":\"https:\\\/\\\/lorenzhess.ch\\\/fr\\\/2023\\\/12\\\/30\\\/rueckblick-22-jahre-gemeindepraesident\\\/#primaryimage\"},\"image\":{\"@id\":\"https:\\\/\\\/lorenzhess.ch\\\/fr\\\/2023\\\/12\\\/30\\\/rueckblick-22-jahre-gemeindepraesident\\\/#primaryimage\"},\"thumbnailUrl\":\"https:\\\/\\\/lorenzhess.ch\\\/wp-content\\\/uploads\\\/2023\\\/05\\\/Lorenz-Hes_Outdoor02.jpg\",\"datePublished\":\"2023-12-30T12:03:51+00:00\",\"dateModified\":\"2024-01-03T08:22:49+00:00\",\"author\":{\"@id\":\"https:\\\/\\\/lorenzhess.ch\\\/fr\\\/#\\\/schema\\\/person\\\/808417283f71963c0c111d685d4d8e09\"},\"description\":\"Nach 22 Jahren gibt Lorenz Hess das Gemeindepr\u00e4sidium in der Berner Agglogemeinde ab. In seiner Amtszeit wurde Stettlen im Kanton Bern einzigartig.\",\"breadcrumb\":{\"@id\":\"https:\\\/\\\/lorenzhess.ch\\\/fr\\\/2023\\\/12\\\/30\\\/rueckblick-22-jahre-gemeindepraesident\\\/#breadcrumb\"},\"inLanguage\":\"fr-FR\",\"potentialAction\":[{\"@type\":\"ReadAction\",\"target\":[\"https:\\\/\\\/lorenzhess.ch\\\/fr\\\/2023\\\/12\\\/30\\\/rueckblick-22-jahre-gemeindepraesident\\\/\"]}]},{\"@type\":\"ImageObject\",\"inLanguage\":\"fr-FR\",\"@id\":\"https:\\\/\\\/lorenzhess.ch\\\/fr\\\/2023\\\/12\\\/30\\\/rueckblick-22-jahre-gemeindepraesident\\\/#primaryimage\",\"url\":\"https:\\\/\\\/lorenzhess.ch\\\/wp-content\\\/uploads\\\/2023\\\/05\\\/Lorenz-Hes_Outdoor02.jpg\",\"contentUrl\":\"https:\\\/\\\/lorenzhess.ch\\\/wp-content\\\/uploads\\\/2023\\\/05\\\/Lorenz-Hes_Outdoor02.jpg\",\"width\":1125,\"height\":750,\"caption\":\"Lorenz Hess im Wald\"},{\"@type\":\"BreadcrumbList\",\"@id\":\"https:\\\/\\\/lorenzhess.ch\\\/fr\\\/2023\\\/12\\\/30\\\/rueckblick-22-jahre-gemeindepraesident\\\/#breadcrumb\",\"itemListElement\":[{\"@type\":\"ListItem\",\"position\":1,\"name\":\"Home\",\"item\":\"https:\\\/\\\/lorenzhess.ch\\\/fr\\\/\"},{\"@type\":\"ListItem\",\"position\":2,\"name\":\"R\u00fcckblick auf 22 Jahre Gemeindepr\u00e4sident\"}]},{\"@type\":\"WebSite\",\"@id\":\"https:\\\/\\\/lorenzhess.ch\\\/fr\\\/#website\",\"url\":\"https:\\\/\\\/lorenzhess.ch\\\/fr\\\/\",\"name\":\"Lorenz Hess - Die Mitte\",\"description\":\"B\u00fcrgerlich denken. Nachhaltig handeln.\",\"potentialAction\":[{\"@type\":\"SearchAction\",\"target\":{\"@type\":\"EntryPoint\",\"urlTemplate\":\"https:\\\/\\\/lorenzhess.ch\\\/fr\\\/?s={search_term_string}\"},\"query-input\":{\"@type\":\"PropertyValueSpecification\",\"valueRequired\":true,\"valueName\":\"search_term_string\"}}],\"inLanguage\":\"fr-FR\"},{\"@type\":\"Person\",\"@id\":\"https:\\\/\\\/lorenzhess.ch\\\/fr\\\/#\\\/schema\\\/person\\\/808417283f71963c0c111d685d4d8e09\",\"name\":\"Redaktionsteam\",\"image\":{\"@type\":\"ImageObject\",\"inLanguage\":\"fr-FR\",\"@id\":\"https:\\\/\\\/secure.gravatar.com\\\/avatar\\\/4709ac34599df081f1d385489f4c8e2980074322606727060c85518452de4b37?s=96&d=mm&r=g\",\"url\":\"https:\\\/\\\/secure.gravatar.com\\\/avatar\\\/4709ac34599df081f1d385489f4c8e2980074322606727060c85518452de4b37?s=96&d=mm&r=g\",\"contentUrl\":\"https:\\\/\\\/secure.gravatar.com\\\/avatar\\\/4709ac34599df081f1d385489f4c8e2980074322606727060c85518452de4b37?s=96&d=mm&r=g\",\"caption\":\"Redaktionsteam\"},\"url\":\"https:\\\/\\\/lorenzhess.ch\\\/fr\\\/author\\\/vhess\\\/\"}]}<\/script>\n<!-- \/ Yoast SEO plugin. -->","yoast_head_json":{"title":"R\u00fcckblick auf 22 Jahre Gemeindepr\u00e4sident - Lorenz Hess - Die Mitte","description":"Nach 22 Jahren gibt Lorenz Hess das Gemeindepr\u00e4sidium in der Berner Agglogemeinde ab. In seiner Amtszeit wurde Stettlen im Kanton Bern einzigartig.","robots":{"index":"index","follow":"follow","max-snippet":"max-snippet:-1","max-image-preview":"max-image-preview:large","max-video-preview":"max-video-preview:-1"},"canonical":"https:\/\/lorenzhess.ch\/fr\/2023\/12\/30\/rueckblick-22-jahre-gemeindepraesident\/","og_locale":"fr_FR","og_type":"article","og_title":"R\u00fcckblick auf 22 Jahre Gemeindepr\u00e4sident","og_description":"Nach 22 Jahren gibt Lorenz Hess das Gemeindepr\u00e4sidium in der Berner Agglogemeinde ab. In seiner Amtszeit wurde Stettlen im Kanton Bern einzigartig.","og_url":"https:\/\/lorenzhess.ch\/fr\/2023\/12\/30\/rueckblick-22-jahre-gemeindepraesident\/","og_site_name":"Lorenz Hess - Die Mitte","article_published_time":"2023-12-30T12:03:51+00:00","article_modified_time":"2024-01-03T08:22:49+00:00","og_image":[{"width":1125,"height":750,"url":"https:\/\/lorenzhess.ch\/wp-content\/uploads\/2023\/05\/Lorenz-Hes_Outdoor02.jpg","type":"image\/jpeg"}],"author":"Redaktionsteam","twitter_card":"summary_large_image","twitter_title":"R\u00fcckblick auf 22 Jahre Gemeindepr\u00e4sident","twitter_description":"Nach 22 Jahren gibt Lorenz Hess das Gemeindepr\u00e4sidium in der Berner Agglogemeinde ab. In seiner Amtszeit wurde Stettlen im Kanton Bern einzigartig.","twitter_image":"https:\/\/lorenzhess.ch\/wp-content\/uploads\/2023\/05\/Lorenz-Hes_Outdoor02.jpg","schema":{"@context":"https:\/\/schema.org","@graph":[{"@type":"Article","@id":"https:\/\/lorenzhess.ch\/fr\/2023\/12\/30\/rueckblick-22-jahre-gemeindepraesident\/#article","isPartOf":{"@id":"https:\/\/lorenzhess.ch\/fr\/2023\/12\/30\/rueckblick-22-jahre-gemeindepraesident\/"},"author":{"name":"Redaktionsteam","@id":"https:\/\/lorenzhess.ch\/fr\/#\/schema\/person\/808417283f71963c0c111d685d4d8e09"},"headline":"R\u00fcckblick auf 22 Jahre Gemeindepr\u00e4sident","datePublished":"2023-12-30T12:03:51+00:00","dateModified":"2024-01-03T08:22:49+00:00","mainEntityOfPage":{"@id":"https:\/\/lorenzhess.ch\/fr\/2023\/12\/30\/rueckblick-22-jahre-gemeindepraesident\/"},"wordCount":1784,"image":{"@id":"https:\/\/lorenzhess.ch\/fr\/2023\/12\/30\/rueckblick-22-jahre-gemeindepraesident\/#primaryimage"},"thumbnailUrl":"https:\/\/lorenzhess.ch\/wp-content\/uploads\/2023\/05\/Lorenz-Hes_Outdoor02.jpg","keywords":["landscape"],"articleSection":["Dans les m\u00e9dias"],"inLanguage":"fr-FR"},{"@type":"WebPage","@id":"https:\/\/lorenzhess.ch\/fr\/2023\/12\/30\/rueckblick-22-jahre-gemeindepraesident\/","url":"https:\/\/lorenzhess.ch\/fr\/2023\/12\/30\/rueckblick-22-jahre-gemeindepraesident\/","name":"R\u00fcckblick auf 22 Jahre Gemeindepr\u00e4sident - Lorenz Hess - Die Mitte","isPartOf":{"@id":"https:\/\/lorenzhess.ch\/fr\/#website"},"primaryImageOfPage":{"@id":"https:\/\/lorenzhess.ch\/fr\/2023\/12\/30\/rueckblick-22-jahre-gemeindepraesident\/#primaryimage"},"image":{"@id":"https:\/\/lorenzhess.ch\/fr\/2023\/12\/30\/rueckblick-22-jahre-gemeindepraesident\/#primaryimage"},"thumbnailUrl":"https:\/\/lorenzhess.ch\/wp-content\/uploads\/2023\/05\/Lorenz-Hes_Outdoor02.jpg","datePublished":"2023-12-30T12:03:51+00:00","dateModified":"2024-01-03T08:22:49+00:00","author":{"@id":"https:\/\/lorenzhess.ch\/fr\/#\/schema\/person\/808417283f71963c0c111d685d4d8e09"},"description":"Nach 22 Jahren gibt Lorenz Hess das Gemeindepr\u00e4sidium in der Berner Agglogemeinde ab. In seiner Amtszeit wurde Stettlen im Kanton Bern einzigartig.","breadcrumb":{"@id":"https:\/\/lorenzhess.ch\/fr\/2023\/12\/30\/rueckblick-22-jahre-gemeindepraesident\/#breadcrumb"},"inLanguage":"fr-FR","potentialAction":[{"@type":"ReadAction","target":["https:\/\/lorenzhess.ch\/fr\/2023\/12\/30\/rueckblick-22-jahre-gemeindepraesident\/"]}]},{"@type":"ImageObject","inLanguage":"fr-FR","@id":"https:\/\/lorenzhess.ch\/fr\/2023\/12\/30\/rueckblick-22-jahre-gemeindepraesident\/#primaryimage","url":"https:\/\/lorenzhess.ch\/wp-content\/uploads\/2023\/05\/Lorenz-Hes_Outdoor02.jpg","contentUrl":"https:\/\/lorenzhess.ch\/wp-content\/uploads\/2023\/05\/Lorenz-Hes_Outdoor02.jpg","width":1125,"height":750,"caption":"Lorenz Hess im Wald"},{"@type":"BreadcrumbList","@id":"https:\/\/lorenzhess.ch\/fr\/2023\/12\/30\/rueckblick-22-jahre-gemeindepraesident\/#breadcrumb","itemListElement":[{"@type":"ListItem","position":1,"name":"Home","item":"https:\/\/lorenzhess.ch\/fr\/"},{"@type":"ListItem","position":2,"name":"R\u00fcckblick auf 22 Jahre Gemeindepr\u00e4sident"}]},{"@type":"WebSite","@id":"https:\/\/lorenzhess.ch\/fr\/#website","url":"https:\/\/lorenzhess.ch\/fr\/","name":"Lorenz Hess - Die Mitte","description":"B\u00fcrgerlich denken. Nachhaltig handeln.","potentialAction":[{"@type":"SearchAction","target":{"@type":"EntryPoint","urlTemplate":"https:\/\/lorenzhess.ch\/fr\/?s={search_term_string}"},"query-input":{"@type":"PropertyValueSpecification","valueRequired":true,"valueName":"search_term_string"}}],"inLanguage":"fr-FR"},{"@type":"Person","@id":"https:\/\/lorenzhess.ch\/fr\/#\/schema\/person\/808417283f71963c0c111d685d4d8e09","name":"Redaktionsteam","image":{"@type":"ImageObject","inLanguage":"fr-FR","@id":"https:\/\/secure.gravatar.com\/avatar\/4709ac34599df081f1d385489f4c8e2980074322606727060c85518452de4b37?s=96&d=mm&r=g","url":"https:\/\/secure.gravatar.com\/avatar\/4709ac34599df081f1d385489f4c8e2980074322606727060c85518452de4b37?s=96&d=mm&r=g","contentUrl":"https:\/\/secure.gravatar.com\/avatar\/4709ac34599df081f1d385489f4c8e2980074322606727060c85518452de4b37?s=96&d=mm&r=g","caption":"Redaktionsteam"},"url":"https:\/\/lorenzhess.ch\/fr\/author\/vhess\/"}]}},"_links":{"self":[{"href":"https:\/\/lorenzhess.ch\/fr\/wp-json\/wp\/v2\/posts\/3340","targetHints":{"allow":["GET"]}}],"collection":[{"href":"https:\/\/lorenzhess.ch\/fr\/wp-json\/wp\/v2\/posts"}],"about":[{"href":"https:\/\/lorenzhess.ch\/fr\/wp-json\/wp\/v2\/types\/post"}],"author":[{"embeddable":true,"href":"https:\/\/lorenzhess.ch\/fr\/wp-json\/wp\/v2\/users\/3"}],"replies":[{"embeddable":true,"href":"https:\/\/lorenzhess.ch\/fr\/wp-json\/wp\/v2\/comments?post=3340"}],"version-history":[{"count":3,"href":"https:\/\/lorenzhess.ch\/fr\/wp-json\/wp\/v2\/posts\/3340\/revisions"}],"predecessor-version":[{"id":3368,"href":"https:\/\/lorenzhess.ch\/fr\/wp-json\/wp\/v2\/posts\/3340\/revisions\/3368"}],"wp:featuredmedia":[{"embeddable":true,"href":"https:\/\/lorenzhess.ch\/fr\/wp-json\/wp\/v2\/media\/2608"}],"wp:attachment":[{"href":"https:\/\/lorenzhess.ch\/fr\/wp-json\/wp\/v2\/media?parent=3340"}],"wp:term":[{"taxonomy":"category","embeddable":true,"href":"https:\/\/lorenzhess.ch\/fr\/wp-json\/wp\/v2\/categories?post=3340"},{"taxonomy":"post_tag","embeddable":true,"href":"https:\/\/lorenzhess.ch\/fr\/wp-json\/wp\/v2\/tags?post=3340"}],"curies":[{"name":"wp","href":"https:\/\/api.w.org\/{rel}","templated":true}]}}