{"id":3794,"date":"2025-02-24T21:50:15","date_gmt":"2025-02-24T20:50:15","guid":{"rendered":"https:\/\/lorenzhess.ch\/2025\/02\/24\/lobbying-notwendigkeit-oder-negativ-behaftet\/"},"modified":"2025-02-24T21:52:55","modified_gmt":"2025-02-24T20:52:55","slug":"lobbying-notwendigkeit-oder-negativ-behaftet","status":"publish","type":"post","link":"https:\/\/lorenzhess.ch\/fr\/2025\/02\/24\/lobbying-notwendigkeit-oder-negativ-behaftet\/","title":{"rendered":"Lobbying: Notwendigkeit oder negativ behaftet?"},"content":{"rendered":"<div id='av_section_1'  class='avia-section av-5suxgd-4e37af07338a5aefdfc3da64be082f87 main_color avia-section-default avia-no-border-styling  avia-builder-el-0  el_before_av_section  avia-builder-el-first  av-small-hide av-mini-hide avia-bg-style-scroll container_wrap sidebar_right'  ><div class='container av-section-cont-open' ><main  role=\"main\" itemprop=\"mainContentOfPage\"  class='template-page content  av-content-small alpha units'><div class='post-entry post-entry-type-page post-entry-3794'><div class='entry-content-wrapper clearfix'>\n\n<style type=\"text\/css\" data-created_by=\"avia_inline_auto\" id=\"style-css-av-49fwgt-42b35f57aacbfe035d5197f823e0476a\">\n.flex_column.av-49fwgt-42b35f57aacbfe035d5197f823e0476a{\npadding:0 0 0 149px;\n}\n<\/style>\n<div class='flex_column av-49fwgt-42b35f57aacbfe035d5197f823e0476a av_one_full  avia-builder-el-1  avia-builder-el-no-sibling  first flex_column_div '     ><section  class='av_textblock_section av-lnoney25-d4e1dafb9c68487d3f4cf5e2e07835ae'  itemscope=\"itemscope\" itemtype=\"https:\/\/schema.org\/BlogPosting\" itemprop=\"blogPost\" ><div class='avia_textblock'  itemprop=\"text\" ><div class=\"OFA52E\">\n<div class=\"cD_92h UitnHM\" tabindex=\"-1\" data-hook=\"post-title\">\n<div class=\"headline__highlight\">\n<div class=\"headline__inner headline__inner--highlight\">\n<h1>Lobbying: Notwendigkeit oder negativ behaftet?<\/h1>\n<p><strong>Lobbying wird h\u00e4ufig kritisch betrachtet, spielt jedoch f\u00fcr zahlreiche Branchen eine entscheidende Rolle, um ihre Anliegen in der Politik zu vertreten. Auch der Schweizerische B\u00e4cker-Confiseurmeister-Verband SBC engagiert sich aktiv f\u00fcr die Interessen des B\u00e4ckerei-Confiserie-Gewerbes. Doch wann handelt es sich um legitime Interessenvertretung, und wo beginnt fragw\u00fcrdige Einflussnahme? Die Antwort von Ambassadeur und Nationalrat Lorenz Hess im Blog-Beitrag unter folgendem Link:<\/strong><\/p>\n<p><a href=\"https:\/\/swissbaker.ch\/panissimo-news\/lobbying-schimpfwortoder-pflicht\/\" target=\"_blank\" rel=\"noopener\">Blog des SBC<\/a><\/p>\n<\/div>\n<\/div>\n<\/div>\n<\/div>\n<\/div><\/section><br \/>\n\n<style type=\"text\/css\" data-created_by=\"avia_inline_auto\" id=\"style-css-av-lnonmp64-0daee9c974a1f1b7c2f9371af02a17ae\">\n.avia-image-container.av-lnonmp64-0daee9c974a1f1b7c2f9371af02a17ae img.avia_image{\nbox-shadow:none;\n}\n.avia-image-container.av-lnonmp64-0daee9c974a1f1b7c2f9371af02a17ae .av-image-caption-overlay-center{\ncolor:#ffffff;\n}\n<\/style>\n<div  class='avia-image-container av-lnonmp64-0daee9c974a1f1b7c2f9371af02a17ae av-styling- avia-align-left  avia-builder-el-3  el_after_av_textblock  el_before_av_social_share '   itemprop=\"image\" itemscope=\"itemscope\" itemtype=\"https:\/\/schema.org\/ImageObject\" ><div class=\"avia-image-container-inner\"><div class=\"avia-image-overlay-wrap\"><img decoding=\"async\" class='wp-image-2438 avia-img-lazy-loading-not-2438 avia_image ' src=\"https:\/\/lorenzhess.ch\/wp-content\/uploads\/2023\/03\/Lorenz_Hess_DieMitte_Politik-1-1030x538.jpg\" alt='Lorenz Hess - Die Mitte' title='Lorenz_Hess_DieMitte_Politik'  height=\"538\" width=\"1030\"  itemprop=\"thumbnailUrl\" srcset=\"https:\/\/lorenzhess.ch\/wp-content\/uploads\/2023\/03\/Lorenz_Hess_DieMitte_Politik-1-1030x538.jpg 1030w, https:\/\/lorenzhess.ch\/wp-content\/uploads\/2023\/03\/Lorenz_Hess_DieMitte_Politik-1-300x157.jpg 300w, https:\/\/lorenzhess.ch\/wp-content\/uploads\/2023\/03\/Lorenz_Hess_DieMitte_Politik-1-768x401.jpg 768w, https:\/\/lorenzhess.ch\/wp-content\/uploads\/2023\/03\/Lorenz_Hess_DieMitte_Politik-1-705x368.jpg 705w, https:\/\/lorenzhess.ch\/wp-content\/uploads\/2023\/03\/Lorenz_Hess_DieMitte_Politik-1.jpg 1200w\" sizes=\"(max-width: 1030px) 100vw, 1030px\" \/><\/div><\/div><\/div><br \/>\n<div  class='av-social-sharing-box av-2qg3bh-de4742c05f9f2889b4347ee2d0025eda av-social-sharing-box-icon  avia-builder-el-4  el_after_av_image  avia-builder-el-last  av-social-sharing-box-same-width'><div class=\"av-share-box\"><ul class=\"av-share-box-list noLightbox\"><li class='av-share-link av-social-link-facebook' ><a target=\"_blank\" aria-label=\"Partager sur Facebook\" href='https:\/\/www.facebook.com\/sharer.php?u=https:\/\/lorenzhess.ch\/fr\/2025\/02\/24\/lobbying-notwendigkeit-oder-negativ-behaftet\/&#038;t=Lobbying%3A%20Notwendigkeit%20oder%20negativ%20behaftet%3F' aria-hidden='false' data-av_icon='\ue8f3' data-av_iconfont='entypo-fontello' title='' data-avia-related-tooltip='Partager sur Facebook' rel=\"noopener\"><span class='avia_hidden_link_text'>Partager sur Facebook<\/span><\/a><\/li><li class='av-share-link av-social-link-twitter' ><a target=\"_blank\" aria-label=\"Partager sur Twitter\" href='https:\/\/twitter.com\/share?text=Lobbying%3A%20Notwendigkeit%20oder%20negativ%20behaftet%3F&#038;url=https:\/\/lorenzhess.ch\/fr\/?p=3794' aria-hidden='false' data-av_icon='\ue8f1' data-av_iconfont='entypo-fontello' title='' data-avia-related-tooltip='Partager sur Twitter' rel=\"noopener\"><span class='avia_hidden_link_text'>Partager sur Twitter<\/span><\/a><\/li><li class='av-share-link av-social-link-linkedin' ><a target=\"_blank\" aria-label=\"Partager sur LinkedIn\" href='https:\/\/linkedin.com\/shareArticle?mini=true&#038;title=Lobbying%3A%20Notwendigkeit%20oder%20negativ%20behaftet%3F&#038;url=https:\/\/lorenzhess.ch\/fr\/2025\/02\/24\/lobbying-notwendigkeit-oder-negativ-behaftet\/' aria-hidden='false' data-av_icon='\ue8fc' data-av_iconfont='entypo-fontello' title='' data-avia-related-tooltip='Partager sur LinkedIn' rel=\"noopener\"><span class='avia_hidden_link_text'>Partager sur LinkedIn<\/span><\/a><\/li><\/ul><\/div><\/div><\/p><\/div><\/div><\/div><\/main><!-- close content main element --><\/div><\/div><div id='av_section_2'  class='avia-section av-lnonw21u-1b93e6382383173a51521f882bf17c51 main_color avia-section-default avia-no-border-styling  avia-builder-el-5  el_after_av_section  avia-builder-el-last  av-desktop-hide av-medium-hide avia-bg-style-scroll container_wrap sidebar_right'  ><div class='container av-section-cont-open' ><div class='template-page content  av-content-small alpha units'><div class='post-entry post-entry-type-page post-entry-3794'><div class='entry-content-wrapper clearfix'>\n<div class='flex_column av-lnonwaf6-db9d0a08d542a9e406c2220641f3831d av_one_full  avia-builder-el-6  avia-builder-el-no-sibling  first flex_column_div '     ><section  class='av_textblock_section av-65tbkt-83e3f827abb82bd0e313fcac31eb59ca'  itemscope=\"itemscope\" itemtype=\"https:\/\/schema.org\/BlogPosting\" itemprop=\"blogPost\" ><div class='avia_textblock'  itemprop=\"text\" ><div class=\"cD_92h UitnHM\" tabindex=\"-1\" data-hook=\"post-title\">\n<div class=\"headline__highlight\">\n<div class=\"headline__inner headline__inner--highlight\">\n<div class=\"cD_92h UitnHM\" tabindex=\"-1\" data-hook=\"post-title\">\n<div class=\"headline__highlight\">\n<div class=\"headline__inner headline__inner--highlight\">\n<div class=\"cD_92h UitnHM\" tabindex=\"-1\" data-hook=\"post-title\">\n<div class=\"headline__highlight\">\n<div class=\"headline__inner headline__inner--highlight\">\n<div class=\"cD_92h UitnHM\" tabindex=\"-1\" data-hook=\"post-title\">\n<div class=\"headline__highlight\">\n<div class=\"headline__inner headline__inner--highlight\">\n<div class=\"cD_92h UitnHM\" tabindex=\"-1\" data-hook=\"post-title\">\n<div class=\"headline__highlight\">\n<div class=\"headline__inner headline__inner--highlight\">\n<h1>Lobbying: Notwendigkeit oder negativ behaftet?<\/h1>\n<p><strong>Lobbying wird h\u00e4ufig kritisch betrachtet, spielt jedoch f\u00fcr zahlreiche Branchen eine entscheidende Rolle, um ihre Anliegen in der Politik zu vertreten. Auch der Schweizerische B\u00e4cker-Confiseurmeister-Verband SBC engagiert sich aktiv f\u00fcr die Interessen des B\u00e4ckerei-Confiserie-Gewerbes. Doch wann handelt es sich um legitime Interessenvertretung, und wo beginnt fragw\u00fcrdige Einflussnahme? Die Antwort von Ambassadeur und Nationalrat Lorenz Hess im Blog-Beitrag unter folgendem Link:<\/strong><\/p>\n<p><a href=\"https:\/\/swissbaker.ch\/panissimo-news\/lobbying-schimpfwortoder-pflicht\/\" target=\"_blank\" rel=\"noopener\">Blog des SBC<\/a><\/p>\n<\/div>\n<\/div>\n<\/div>\n<\/div>\n<\/div>\n<\/div>\n<\/div>\n<\/div>\n<\/div>\n<\/div>\n<\/div>\n<\/div>\n<\/div>\n<\/div>\n<\/div>\n<\/div><\/section><br \/>\n\n<style type=\"text\/css\" data-created_by=\"avia_inline_auto\" id=\"style-css-av-4xi8ql-795277df2c039a8a446ae670229ebf1d\">\n.avia-image-container.av-4xi8ql-795277df2c039a8a446ae670229ebf1d img.avia_image{\nbox-shadow:none;\n}\n.avia-image-container.av-4xi8ql-795277df2c039a8a446ae670229ebf1d .av-image-caption-overlay-center{\ncolor:#ffffff;\n}\n<\/style>\n<div  class='avia-image-container av-4xi8ql-795277df2c039a8a446ae670229ebf1d av-styling- avia-align-left  avia-builder-el-8  el_after_av_textblock  el_before_av_social_share '   itemprop=\"image\" itemscope=\"itemscope\" itemtype=\"https:\/\/schema.org\/ImageObject\" ><div class=\"avia-image-container-inner\"><div class=\"avia-image-overlay-wrap\"><img decoding=\"async\" class='wp-image-2438 avia-img-lazy-loading-not-2438 avia_image ' src=\"https:\/\/lorenzhess.ch\/wp-content\/uploads\/2023\/03\/Lorenz_Hess_DieMitte_Politik-1-1030x538.jpg\" alt='Lorenz Hess - Die Mitte' title='Lorenz_Hess_DieMitte_Politik'  height=\"538\" width=\"1030\"  itemprop=\"thumbnailUrl\" srcset=\"https:\/\/lorenzhess.ch\/wp-content\/uploads\/2023\/03\/Lorenz_Hess_DieMitte_Politik-1-1030x538.jpg 1030w, https:\/\/lorenzhess.ch\/wp-content\/uploads\/2023\/03\/Lorenz_Hess_DieMitte_Politik-1-300x157.jpg 300w, https:\/\/lorenzhess.ch\/wp-content\/uploads\/2023\/03\/Lorenz_Hess_DieMitte_Politik-1-768x401.jpg 768w, https:\/\/lorenzhess.ch\/wp-content\/uploads\/2023\/03\/Lorenz_Hess_DieMitte_Politik-1-705x368.jpg 705w, https:\/\/lorenzhess.ch\/wp-content\/uploads\/2023\/03\/Lorenz_Hess_DieMitte_Politik-1.jpg 1200w\" sizes=\"(max-width: 1030px) 100vw, 1030px\" \/><\/div><\/div><\/div><br \/>\n<div  class='av-social-sharing-box av-1zrfzh-04686e32bac81490757d98a5a0d552b9 av-social-sharing-box-icon  avia-builder-el-9  el_after_av_image  avia-builder-el-last  av-social-sharing-box-same-width'><div class=\"av-share-box\"><ul class=\"av-share-box-list noLightbox\"><li class='av-share-link av-social-link-facebook' ><a target=\"_blank\" aria-label=\"Partager sur Facebook\" href='https:\/\/www.facebook.com\/sharer.php?u=https:\/\/lorenzhess.ch\/fr\/2025\/02\/24\/lobbying-notwendigkeit-oder-negativ-behaftet\/&#038;t=Lobbying%3A%20Notwendigkeit%20oder%20negativ%20behaftet%3F' aria-hidden='false' data-av_icon='\ue8f3' data-av_iconfont='entypo-fontello' title='' data-avia-related-tooltip='Partager sur Facebook' rel=\"noopener\"><span class='avia_hidden_link_text'>Partager sur Facebook<\/span><\/a><\/li><li class='av-share-link av-social-link-twitter' ><a target=\"_blank\" aria-label=\"Partager sur Twitter\" href='https:\/\/twitter.com\/share?text=Lobbying%3A%20Notwendigkeit%20oder%20negativ%20behaftet%3F&#038;url=https:\/\/lorenzhess.ch\/fr\/?p=3794' aria-hidden='false' data-av_icon='\ue8f1' data-av_iconfont='entypo-fontello' title='' data-avia-related-tooltip='Partager sur Twitter' rel=\"noopener\"><span class='avia_hidden_link_text'>Partager sur Twitter<\/span><\/a><\/li><li class='av-share-link av-social-link-linkedin' ><a target=\"_blank\" aria-label=\"Partager sur LinkedIn\" href='https:\/\/linkedin.com\/shareArticle?mini=true&#038;title=Lobbying%3A%20Notwendigkeit%20oder%20negativ%20behaftet%3F&#038;url=https:\/\/lorenzhess.ch\/fr\/2025\/02\/24\/lobbying-notwendigkeit-oder-negativ-behaftet\/' aria-hidden='false' data-av_icon='\ue8fc' data-av_iconfont='entypo-fontello' title='' data-avia-related-tooltip='Partager sur LinkedIn' rel=\"noopener\"><span class='avia_hidden_link_text'>Partager sur LinkedIn<\/span><\/a><\/li><\/ul><\/div><\/div><\/p><\/div><\/div><\/div><\/div><!-- close content main div --><\/div><\/div><div id='after_section_2'  class='main_color av_default_container_wrap container_wrap sidebar_right'  ><div class='container av-section-cont-open' ><div class='template-page content  av-content-small alpha units'><div class='post-entry post-entry-type-page post-entry-3794'><div class='entry-content-wrapper clearfix'><\/p>\n","protected":false},"excerpt":{"rendered":"<p>Schweizerischer B\u00e4cker-Confiseurmeister-Verband<\/p>\n","protected":false},"author":3,"featured_media":1530,"comment_status":"closed","ping_status":"open","sticky":false,"template":"","format":"standard","meta":{"footnotes":""},"categories":[18],"tags":[19],"class_list":["post-3794","post","type-post","status-publish","format-standard","has-post-thumbnail","hentry","category-politique","tag-landscape-fr"],"yoast_head":"<!-- This site is optimized with the Yoast SEO plugin v27.5 - https:\/\/yoast.com\/product\/yoast-seo-wordpress\/ -->\n<title>Lobbying: Notwendigkeit oder negativ behaftet? - Lorenz Hess - Die Mitte<\/title>\n<meta name=\"description\" content=\"Lobbying wird h\u00e4ufig kritisch betrachtet, spielt jedoch f\u00fcr zahlreiche Branchen eine entscheidende Rolle, um ihre Anliegen in der Politik zu vertreten. Der Ambassadeur du Pain et du Chocolat kl\u00e4rt auf, wo die Grenzen zwischen legitimer Interessensvertretung und fragw\u00fcrdiger Einflussnahme liegen.\" \/>\n<meta name=\"robots\" content=\"index, follow, max-snippet:-1, max-image-preview:large, max-video-preview:-1\" \/>\n<link rel=\"canonical\" href=\"https:\/\/lorenzhess.ch\/fr\/2025\/02\/24\/lobbying-notwendigkeit-oder-negativ-behaftet\/\" \/>\n<meta property=\"og:locale\" content=\"fr_FR\" \/>\n<meta property=\"og:type\" content=\"article\" \/>\n<meta property=\"og:title\" content=\"Lobbying: Notwendigkeit oder negativ behaftet?\" \/>\n<meta property=\"og:description\" content=\"Lobbying wird h\u00e4ufig kritisch betrachtet, spielt jedoch f\u00fcr zahlreiche Branchen eine entscheidende Rolle, um ihre Anliegen in der Politik zu vertreten. Der Ambassadeur du Pain et du Chocolat kl\u00e4rt auf, wo die Grenzen zwischen legitimer Interessensvertretung und fragw\u00fcrdiger Einflussnahme liegen.\" \/>\n<meta property=\"og:url\" content=\"https:\/\/lorenzhess.ch\/fr\/2025\/02\/24\/lobbying-notwendigkeit-oder-negativ-behaftet\/\" \/>\n<meta property=\"og:site_name\" content=\"Lorenz Hess - Die Mitte\" \/>\n<meta property=\"article:published_time\" content=\"2025-02-24T20:50:15+00:00\" \/>\n<meta property=\"article:modified_time\" content=\"2025-02-24T20:52:55+00:00\" \/>\n<meta property=\"og:image\" content=\"https:\/\/lorenzhess.ch\/wp-content\/uploads\/2023\/02\/Lorenz_Hess_Bundeshaus-1.jpg\" \/>\n\t<meta property=\"og:image:width\" content=\"1310\" \/>\n\t<meta property=\"og:image:height\" content=\"1089\" \/>\n\t<meta property=\"og:image:type\" content=\"image\/jpeg\" \/>\n<meta name=\"author\" content=\"Redaktionsteam\" \/>\n<meta name=\"twitter:card\" content=\"summary_large_image\" \/>\n<meta name=\"twitter:title\" content=\"Lobbying: Notwendigkeit oder negativ behaftet?\" \/>\n<meta name=\"twitter:description\" content=\"Lobbying wird h\u00e4ufig kritisch betrachtet, spielt jedoch f\u00fcr zahlreiche Branchen eine entscheidende Rolle, um ihre Anliegen in der Politik zu vertreten. Der Ambassadeur du Pain et du Chocolat kl\u00e4rt auf, wo die Grenzen zwischen legitimer Interessensvertretung und fragw\u00fcrdiger Einflussnahme liegen.\" \/>\n<meta name=\"twitter:image\" content=\"https:\/\/lorenzhess.ch\/wp-content\/uploads\/2023\/02\/Lorenz_Hess_Bundeshaus-1.jpg\" \/>\n<script type=\"application\/ld+json\" class=\"yoast-schema-graph\">{\"@context\":\"https:\\\/\\\/schema.org\",\"@graph\":[{\"@type\":\"Article\",\"@id\":\"https:\\\/\\\/lorenzhess.ch\\\/fr\\\/2025\\\/02\\\/24\\\/lobbying-notwendigkeit-oder-negativ-behaftet\\\/#article\",\"isPartOf\":{\"@id\":\"https:\\\/\\\/lorenzhess.ch\\\/fr\\\/2025\\\/02\\\/24\\\/lobbying-notwendigkeit-oder-negativ-behaftet\\\/\"},\"author\":{\"name\":\"Redaktionsteam\",\"@id\":\"https:\\\/\\\/lorenzhess.ch\\\/fr\\\/#\\\/schema\\\/person\\\/808417283f71963c0c111d685d4d8e09\"},\"headline\":\"Lobbying: Notwendigkeit oder negativ behaftet?\",\"datePublished\":\"2025-02-24T20:50:15+00:00\",\"dateModified\":\"2025-02-24T20:52:55+00:00\",\"mainEntityOfPage\":{\"@id\":\"https:\\\/\\\/lorenzhess.ch\\\/fr\\\/2025\\\/02\\\/24\\\/lobbying-notwendigkeit-oder-negativ-behaftet\\\/\"},\"wordCount\":1871,\"image\":{\"@id\":\"https:\\\/\\\/lorenzhess.ch\\\/fr\\\/2025\\\/02\\\/24\\\/lobbying-notwendigkeit-oder-negativ-behaftet\\\/#primaryimage\"},\"thumbnailUrl\":\"https:\\\/\\\/lorenzhess.ch\\\/wp-content\\\/uploads\\\/2023\\\/02\\\/Lorenz_Hess_Bundeshaus-1.jpg\",\"keywords\":[\"landscape\"],\"articleSection\":[\"Politique\"],\"inLanguage\":\"fr-FR\"},{\"@type\":\"WebPage\",\"@id\":\"https:\\\/\\\/lorenzhess.ch\\\/fr\\\/2025\\\/02\\\/24\\\/lobbying-notwendigkeit-oder-negativ-behaftet\\\/\",\"url\":\"https:\\\/\\\/lorenzhess.ch\\\/fr\\\/2025\\\/02\\\/24\\\/lobbying-notwendigkeit-oder-negativ-behaftet\\\/\",\"name\":\"Lobbying: Notwendigkeit oder negativ behaftet? - Lorenz Hess - Die Mitte\",\"isPartOf\":{\"@id\":\"https:\\\/\\\/lorenzhess.ch\\\/fr\\\/#website\"},\"primaryImageOfPage\":{\"@id\":\"https:\\\/\\\/lorenzhess.ch\\\/fr\\\/2025\\\/02\\\/24\\\/lobbying-notwendigkeit-oder-negativ-behaftet\\\/#primaryimage\"},\"image\":{\"@id\":\"https:\\\/\\\/lorenzhess.ch\\\/fr\\\/2025\\\/02\\\/24\\\/lobbying-notwendigkeit-oder-negativ-behaftet\\\/#primaryimage\"},\"thumbnailUrl\":\"https:\\\/\\\/lorenzhess.ch\\\/wp-content\\\/uploads\\\/2023\\\/02\\\/Lorenz_Hess_Bundeshaus-1.jpg\",\"datePublished\":\"2025-02-24T20:50:15+00:00\",\"dateModified\":\"2025-02-24T20:52:55+00:00\",\"author\":{\"@id\":\"https:\\\/\\\/lorenzhess.ch\\\/fr\\\/#\\\/schema\\\/person\\\/808417283f71963c0c111d685d4d8e09\"},\"description\":\"Lobbying wird h\u00e4ufig kritisch betrachtet, spielt jedoch f\u00fcr zahlreiche Branchen eine entscheidende Rolle, um ihre Anliegen in der Politik zu vertreten. Der Ambassadeur du Pain et du Chocolat kl\u00e4rt auf, wo die Grenzen zwischen legitimer Interessensvertretung und fragw\u00fcrdiger Einflussnahme liegen.\",\"breadcrumb\":{\"@id\":\"https:\\\/\\\/lorenzhess.ch\\\/fr\\\/2025\\\/02\\\/24\\\/lobbying-notwendigkeit-oder-negativ-behaftet\\\/#breadcrumb\"},\"inLanguage\":\"fr-FR\",\"potentialAction\":[{\"@type\":\"ReadAction\",\"target\":[\"https:\\\/\\\/lorenzhess.ch\\\/fr\\\/2025\\\/02\\\/24\\\/lobbying-notwendigkeit-oder-negativ-behaftet\\\/\"]}]},{\"@type\":\"ImageObject\",\"inLanguage\":\"fr-FR\",\"@id\":\"https:\\\/\\\/lorenzhess.ch\\\/fr\\\/2025\\\/02\\\/24\\\/lobbying-notwendigkeit-oder-negativ-behaftet\\\/#primaryimage\",\"url\":\"https:\\\/\\\/lorenzhess.ch\\\/wp-content\\\/uploads\\\/2023\\\/02\\\/Lorenz_Hess_Bundeshaus-1.jpg\",\"contentUrl\":\"https:\\\/\\\/lorenzhess.ch\\\/wp-content\\\/uploads\\\/2023\\\/02\\\/Lorenz_Hess_Bundeshaus-1.jpg\",\"width\":1310,\"height\":1089,\"caption\":\"Lorenz Hess im Bundeshaus\"},{\"@type\":\"BreadcrumbList\",\"@id\":\"https:\\\/\\\/lorenzhess.ch\\\/fr\\\/2025\\\/02\\\/24\\\/lobbying-notwendigkeit-oder-negativ-behaftet\\\/#breadcrumb\",\"itemListElement\":[{\"@type\":\"ListItem\",\"position\":1,\"name\":\"Home\",\"item\":\"https:\\\/\\\/lorenzhess.ch\\\/fr\\\/\"},{\"@type\":\"ListItem\",\"position\":2,\"name\":\"Lobbying: Notwendigkeit oder negativ behaftet?\"}]},{\"@type\":\"WebSite\",\"@id\":\"https:\\\/\\\/lorenzhess.ch\\\/fr\\\/#website\",\"url\":\"https:\\\/\\\/lorenzhess.ch\\\/fr\\\/\",\"name\":\"Lorenz Hess - Die Mitte\",\"description\":\"B\u00fcrgerlich denken. Nachhaltig handeln.\",\"potentialAction\":[{\"@type\":\"SearchAction\",\"target\":{\"@type\":\"EntryPoint\",\"urlTemplate\":\"https:\\\/\\\/lorenzhess.ch\\\/fr\\\/?s={search_term_string}\"},\"query-input\":{\"@type\":\"PropertyValueSpecification\",\"valueRequired\":true,\"valueName\":\"search_term_string\"}}],\"inLanguage\":\"fr-FR\"},{\"@type\":\"Person\",\"@id\":\"https:\\\/\\\/lorenzhess.ch\\\/fr\\\/#\\\/schema\\\/person\\\/808417283f71963c0c111d685d4d8e09\",\"name\":\"Redaktionsteam\",\"image\":{\"@type\":\"ImageObject\",\"inLanguage\":\"fr-FR\",\"@id\":\"https:\\\/\\\/secure.gravatar.com\\\/avatar\\\/4709ac34599df081f1d385489f4c8e2980074322606727060c85518452de4b37?s=96&d=mm&r=g\",\"url\":\"https:\\\/\\\/secure.gravatar.com\\\/avatar\\\/4709ac34599df081f1d385489f4c8e2980074322606727060c85518452de4b37?s=96&d=mm&r=g\",\"contentUrl\":\"https:\\\/\\\/secure.gravatar.com\\\/avatar\\\/4709ac34599df081f1d385489f4c8e2980074322606727060c85518452de4b37?s=96&d=mm&r=g\",\"caption\":\"Redaktionsteam\"},\"url\":\"https:\\\/\\\/lorenzhess.ch\\\/fr\\\/author\\\/vhess\\\/\"}]}<\/script>\n<!-- \/ Yoast SEO plugin. -->","yoast_head_json":{"title":"Lobbying: Notwendigkeit oder negativ behaftet? - Lorenz Hess - Die Mitte","description":"Lobbying wird h\u00e4ufig kritisch betrachtet, spielt jedoch f\u00fcr zahlreiche Branchen eine entscheidende Rolle, um ihre Anliegen in der Politik zu vertreten. Der Ambassadeur du Pain et du Chocolat kl\u00e4rt auf, wo die Grenzen zwischen legitimer Interessensvertretung und fragw\u00fcrdiger Einflussnahme liegen.","robots":{"index":"index","follow":"follow","max-snippet":"max-snippet:-1","max-image-preview":"max-image-preview:large","max-video-preview":"max-video-preview:-1"},"canonical":"https:\/\/lorenzhess.ch\/fr\/2025\/02\/24\/lobbying-notwendigkeit-oder-negativ-behaftet\/","og_locale":"fr_FR","og_type":"article","og_title":"Lobbying: Notwendigkeit oder negativ behaftet?","og_description":"Lobbying wird h\u00e4ufig kritisch betrachtet, spielt jedoch f\u00fcr zahlreiche Branchen eine entscheidende Rolle, um ihre Anliegen in der Politik zu vertreten. Der Ambassadeur du Pain et du Chocolat kl\u00e4rt auf, wo die Grenzen zwischen legitimer Interessensvertretung und fragw\u00fcrdiger Einflussnahme liegen.","og_url":"https:\/\/lorenzhess.ch\/fr\/2025\/02\/24\/lobbying-notwendigkeit-oder-negativ-behaftet\/","og_site_name":"Lorenz Hess - Die Mitte","article_published_time":"2025-02-24T20:50:15+00:00","article_modified_time":"2025-02-24T20:52:55+00:00","og_image":[{"width":1310,"height":1089,"url":"https:\/\/lorenzhess.ch\/wp-content\/uploads\/2023\/02\/Lorenz_Hess_Bundeshaus-1.jpg","type":"image\/jpeg"}],"author":"Redaktionsteam","twitter_card":"summary_large_image","twitter_title":"Lobbying: Notwendigkeit oder negativ behaftet?","twitter_description":"Lobbying wird h\u00e4ufig kritisch betrachtet, spielt jedoch f\u00fcr zahlreiche Branchen eine entscheidende Rolle, um ihre Anliegen in der Politik zu vertreten. Der Ambassadeur du Pain et du Chocolat kl\u00e4rt auf, wo die Grenzen zwischen legitimer Interessensvertretung und fragw\u00fcrdiger Einflussnahme liegen.","twitter_image":"https:\/\/lorenzhess.ch\/wp-content\/uploads\/2023\/02\/Lorenz_Hess_Bundeshaus-1.jpg","schema":{"@context":"https:\/\/schema.org","@graph":[{"@type":"Article","@id":"https:\/\/lorenzhess.ch\/fr\/2025\/02\/24\/lobbying-notwendigkeit-oder-negativ-behaftet\/#article","isPartOf":{"@id":"https:\/\/lorenzhess.ch\/fr\/2025\/02\/24\/lobbying-notwendigkeit-oder-negativ-behaftet\/"},"author":{"name":"Redaktionsteam","@id":"https:\/\/lorenzhess.ch\/fr\/#\/schema\/person\/808417283f71963c0c111d685d4d8e09"},"headline":"Lobbying: Notwendigkeit oder negativ behaftet?","datePublished":"2025-02-24T20:50:15+00:00","dateModified":"2025-02-24T20:52:55+00:00","mainEntityOfPage":{"@id":"https:\/\/lorenzhess.ch\/fr\/2025\/02\/24\/lobbying-notwendigkeit-oder-negativ-behaftet\/"},"wordCount":1871,"image":{"@id":"https:\/\/lorenzhess.ch\/fr\/2025\/02\/24\/lobbying-notwendigkeit-oder-negativ-behaftet\/#primaryimage"},"thumbnailUrl":"https:\/\/lorenzhess.ch\/wp-content\/uploads\/2023\/02\/Lorenz_Hess_Bundeshaus-1.jpg","keywords":["landscape"],"articleSection":["Politique"],"inLanguage":"fr-FR"},{"@type":"WebPage","@id":"https:\/\/lorenzhess.ch\/fr\/2025\/02\/24\/lobbying-notwendigkeit-oder-negativ-behaftet\/","url":"https:\/\/lorenzhess.ch\/fr\/2025\/02\/24\/lobbying-notwendigkeit-oder-negativ-behaftet\/","name":"Lobbying: Notwendigkeit oder negativ behaftet? - Lorenz Hess - Die Mitte","isPartOf":{"@id":"https:\/\/lorenzhess.ch\/fr\/#website"},"primaryImageOfPage":{"@id":"https:\/\/lorenzhess.ch\/fr\/2025\/02\/24\/lobbying-notwendigkeit-oder-negativ-behaftet\/#primaryimage"},"image":{"@id":"https:\/\/lorenzhess.ch\/fr\/2025\/02\/24\/lobbying-notwendigkeit-oder-negativ-behaftet\/#primaryimage"},"thumbnailUrl":"https:\/\/lorenzhess.ch\/wp-content\/uploads\/2023\/02\/Lorenz_Hess_Bundeshaus-1.jpg","datePublished":"2025-02-24T20:50:15+00:00","dateModified":"2025-02-24T20:52:55+00:00","author":{"@id":"https:\/\/lorenzhess.ch\/fr\/#\/schema\/person\/808417283f71963c0c111d685d4d8e09"},"description":"Lobbying wird h\u00e4ufig kritisch betrachtet, spielt jedoch f\u00fcr zahlreiche Branchen eine entscheidende Rolle, um ihre Anliegen in der Politik zu vertreten. Der Ambassadeur du Pain et du Chocolat kl\u00e4rt auf, wo die Grenzen zwischen legitimer Interessensvertretung und fragw\u00fcrdiger Einflussnahme liegen.","breadcrumb":{"@id":"https:\/\/lorenzhess.ch\/fr\/2025\/02\/24\/lobbying-notwendigkeit-oder-negativ-behaftet\/#breadcrumb"},"inLanguage":"fr-FR","potentialAction":[{"@type":"ReadAction","target":["https:\/\/lorenzhess.ch\/fr\/2025\/02\/24\/lobbying-notwendigkeit-oder-negativ-behaftet\/"]}]},{"@type":"ImageObject","inLanguage":"fr-FR","@id":"https:\/\/lorenzhess.ch\/fr\/2025\/02\/24\/lobbying-notwendigkeit-oder-negativ-behaftet\/#primaryimage","url":"https:\/\/lorenzhess.ch\/wp-content\/uploads\/2023\/02\/Lorenz_Hess_Bundeshaus-1.jpg","contentUrl":"https:\/\/lorenzhess.ch\/wp-content\/uploads\/2023\/02\/Lorenz_Hess_Bundeshaus-1.jpg","width":1310,"height":1089,"caption":"Lorenz Hess im Bundeshaus"},{"@type":"BreadcrumbList","@id":"https:\/\/lorenzhess.ch\/fr\/2025\/02\/24\/lobbying-notwendigkeit-oder-negativ-behaftet\/#breadcrumb","itemListElement":[{"@type":"ListItem","position":1,"name":"Home","item":"https:\/\/lorenzhess.ch\/fr\/"},{"@type":"ListItem","position":2,"name":"Lobbying: Notwendigkeit oder negativ behaftet?"}]},{"@type":"WebSite","@id":"https:\/\/lorenzhess.ch\/fr\/#website","url":"https:\/\/lorenzhess.ch\/fr\/","name":"Lorenz Hess - Die Mitte","description":"B\u00fcrgerlich denken. Nachhaltig handeln.","potentialAction":[{"@type":"SearchAction","target":{"@type":"EntryPoint","urlTemplate":"https:\/\/lorenzhess.ch\/fr\/?s={search_term_string}"},"query-input":{"@type":"PropertyValueSpecification","valueRequired":true,"valueName":"search_term_string"}}],"inLanguage":"fr-FR"},{"@type":"Person","@id":"https:\/\/lorenzhess.ch\/fr\/#\/schema\/person\/808417283f71963c0c111d685d4d8e09","name":"Redaktionsteam","image":{"@type":"ImageObject","inLanguage":"fr-FR","@id":"https:\/\/secure.gravatar.com\/avatar\/4709ac34599df081f1d385489f4c8e2980074322606727060c85518452de4b37?s=96&d=mm&r=g","url":"https:\/\/secure.gravatar.com\/avatar\/4709ac34599df081f1d385489f4c8e2980074322606727060c85518452de4b37?s=96&d=mm&r=g","contentUrl":"https:\/\/secure.gravatar.com\/avatar\/4709ac34599df081f1d385489f4c8e2980074322606727060c85518452de4b37?s=96&d=mm&r=g","caption":"Redaktionsteam"},"url":"https:\/\/lorenzhess.ch\/fr\/author\/vhess\/"}]}},"_links":{"self":[{"href":"https:\/\/lorenzhess.ch\/fr\/wp-json\/wp\/v2\/posts\/3794","targetHints":{"allow":["GET"]}}],"collection":[{"href":"https:\/\/lorenzhess.ch\/fr\/wp-json\/wp\/v2\/posts"}],"about":[{"href":"https:\/\/lorenzhess.ch\/fr\/wp-json\/wp\/v2\/types\/post"}],"author":[{"embeddable":true,"href":"https:\/\/lorenzhess.ch\/fr\/wp-json\/wp\/v2\/users\/3"}],"replies":[{"embeddable":true,"href":"https:\/\/lorenzhess.ch\/fr\/wp-json\/wp\/v2\/comments?post=3794"}],"version-history":[{"count":2,"href":"https:\/\/lorenzhess.ch\/fr\/wp-json\/wp\/v2\/posts\/3794\/revisions"}],"predecessor-version":[{"id":3795,"href":"https:\/\/lorenzhess.ch\/fr\/wp-json\/wp\/v2\/posts\/3794\/revisions\/3795"}],"wp:featuredmedia":[{"embeddable":true,"href":"https:\/\/lorenzhess.ch\/fr\/wp-json\/wp\/v2\/media\/1530"}],"wp:attachment":[{"href":"https:\/\/lorenzhess.ch\/fr\/wp-json\/wp\/v2\/media?parent=3794"}],"wp:term":[{"taxonomy":"category","embeddable":true,"href":"https:\/\/lorenzhess.ch\/fr\/wp-json\/wp\/v2\/categories?post=3794"},{"taxonomy":"post_tag","embeddable":true,"href":"https:\/\/lorenzhess.ch\/fr\/wp-json\/wp\/v2\/tags?post=3794"}],"curies":[{"name":"wp","href":"https:\/\/api.w.org\/{rel}","templated":true}]}}