{"id":3830,"date":"2025-05-29T15:26:40","date_gmt":"2025-05-29T13:26:40","guid":{"rendered":"https:\/\/lorenzhess.ch\/2025\/05\/31\/ab-sommer-2026-gibt-es-egger-bier-aus-der-neuen-produktionsanlage\/"},"modified":"2025-05-31T15:43:12","modified_gmt":"2025-05-31T13:43:12","slug":"dringender-handlungsbedarf-bei-long-covid","status":"publish","type":"post","link":"https:\/\/lorenzhess.ch\/fr\/2025\/05\/29\/dringender-handlungsbedarf-bei-long-covid\/","title":{"rendered":"Dringender Handlungsbedarf bei Long Covid"},"content":{"rendered":"<div id='av_section_1'  class='avia-section av-5suxgd-4e37af07338a5aefdfc3da64be082f87 main_color avia-section-default avia-no-border-styling  avia-builder-el-0  el_before_av_section  avia-builder-el-first  av-small-hide av-mini-hide avia-bg-style-scroll container_wrap sidebar_right'  ><div class='container av-section-cont-open' ><main  role=\"main\" itemprop=\"mainContentOfPage\"  class='template-page content  av-content-small alpha units'><div class='post-entry post-entry-type-page post-entry-3830'><div class='entry-content-wrapper clearfix'>\n\n<style type=\"text\/css\" data-created_by=\"avia_inline_auto\" id=\"style-css-av-49fwgt-42b35f57aacbfe035d5197f823e0476a\">\n.flex_column.av-49fwgt-42b35f57aacbfe035d5197f823e0476a{\npadding:0 0 0 149px;\n}\n<\/style>\n<div class='flex_column av-49fwgt-42b35f57aacbfe035d5197f823e0476a av_one_full  avia-builder-el-1  avia-builder-el-no-sibling  first flex_column_div '     ><section  class='av_textblock_section av-lnoney25-d4e1dafb9c68487d3f4cf5e2e07835ae'  itemscope=\"itemscope\" itemtype=\"https:\/\/schema.org\/BlogPosting\" itemprop=\"blogPost\" ><div class='avia_textblock'  itemprop=\"text\" ><div class=\"OFA52E\">\n<div class=\"cD_92h UitnHM\" tabindex=\"-1\" data-hook=\"post-title\">\n<div class=\"headline__highlight\">\n<div class=\"headline__inner headline__inner--highlight\">\n<h1>Dringender Handlungsbedarf bei Long Covid<\/h1>\n<p><strong>Von Long Covid betroffene Personen f\u00fchlen sich im Stich gelassen. Im Schweizer Parlament wurden jedoch bereits Vorst\u00f6sse \u00fcberwiesen, welche die Situation der Betroffenen verbessern wollen. Doch deren Umsetzung geht bloss langsam voran. Unter anderem deshalb sagt Mitte-Nationalrat Lorenz Hess:<\/strong> <strong>\u00abNicht nur f\u00fcr die Betroffenen besteht dringender Handlungsbedarf. Auch f\u00fcr unser Gesundheitssystem steht eine Herausforderung bevor, auf die wir ungen\u00fcgend vorbereitet sind.\u00bb Er hat Ende des Jahres 2024 eine Motion eingereicht, die eine nationale Strategie fordert. So soll es unter anderem eine rechtzeitige Diagnostik, Zugang zu Therapien und Arzneimitteln sowie Unterst\u00fctzung durch die Sozialversicherungen geben. Sowohl der Bundesrat als auch der Nationalrat haben der Motion\u00a0zugestimmt \u2013 jetzt ist die zust\u00e4ndige Kommission an der Arbeit.<\/strong><\/p>\n<p><a href=\"https:\/\/www.nau.ch\/politik\/bundeshaus\/long-covid-politik-sieht-dringenden-handlungsbedarf-66984464\" target=\"_blank\" rel=\"noopener\">nau.ch<\/a><\/p>\n<\/div>\n<\/div>\n<\/div>\n<\/div>\n<\/div><\/section><br \/>\n\n<style type=\"text\/css\" data-created_by=\"avia_inline_auto\" id=\"style-css-av-lnonmp64-ffa13bd8ee39af9fe21e9f456fdafe86\">\n.avia-image-container.av-lnonmp64-ffa13bd8ee39af9fe21e9f456fdafe86 img.avia_image{\nbox-shadow:none;\n}\n.avia-image-container.av-lnonmp64-ffa13bd8ee39af9fe21e9f456fdafe86 .av-image-caption-overlay-center{\ncolor:#ffffff;\n}\n<\/style>\n<div  class='avia-image-container av-lnonmp64-ffa13bd8ee39af9fe21e9f456fdafe86 av-styling- avia-align-left  avia-builder-el-3  el_after_av_textblock  el_before_av_social_share '   itemprop=\"image\" itemscope=\"itemscope\" itemtype=\"https:\/\/schema.org\/ImageObject\" ><div class=\"avia-image-container-inner\"><div class=\"avia-image-overlay-wrap\"><img decoding=\"async\" class='wp-image-1953 avia-img-lazy-loading-not-1953 avia_image ' src=\"https:\/\/lorenzhess.ch\/wp-content\/uploads\/2023\/03\/Lorenz_Hess_Parlament-1030x621.png\" alt='Lorenz Hess im Parlament' title='Lorenz_Hess_Parlament'  height=\"621\" width=\"1030\"  itemprop=\"thumbnailUrl\" srcset=\"https:\/\/lorenzhess.ch\/wp-content\/uploads\/2023\/03\/Lorenz_Hess_Parlament-1030x621.png 1030w, https:\/\/lorenzhess.ch\/wp-content\/uploads\/2023\/03\/Lorenz_Hess_Parlament-300x181.png 300w, https:\/\/lorenzhess.ch\/wp-content\/uploads\/2023\/03\/Lorenz_Hess_Parlament-768x463.png 768w, https:\/\/lorenzhess.ch\/wp-content\/uploads\/2023\/03\/Lorenz_Hess_Parlament-1536x926.png 1536w\" sizes=\"(max-width: 1030px) 100vw, 1030px\" \/><\/div><\/div><\/div><br \/>\n<div  class='av-social-sharing-box av-2qg3bh-de4742c05f9f2889b4347ee2d0025eda av-social-sharing-box-icon  avia-builder-el-4  el_after_av_image  avia-builder-el-last  av-social-sharing-box-same-width'><div class=\"av-share-box\"><ul class=\"av-share-box-list noLightbox\"><li class='av-share-link av-social-link-facebook' ><a target=\"_blank\" aria-label=\"Partager sur Facebook\" href='https:\/\/www.facebook.com\/sharer.php?u=https:\/\/lorenzhess.ch\/fr\/2025\/05\/29\/dringender-handlungsbedarf-bei-long-covid\/&#038;t=Dringender%20Handlungsbedarf%20bei%20Long%20Covid' aria-hidden='false' data-av_icon='\ue8f3' data-av_iconfont='entypo-fontello' title='' data-avia-related-tooltip='Partager sur Facebook' rel=\"noopener\"><span class='avia_hidden_link_text'>Partager sur Facebook<\/span><\/a><\/li><li class='av-share-link av-social-link-twitter' ><a target=\"_blank\" aria-label=\"Partager sur Twitter\" href='https:\/\/twitter.com\/share?text=Dringender%20Handlungsbedarf%20bei%20Long%20Covid&#038;url=https:\/\/lorenzhess.ch\/fr\/?p=3830' aria-hidden='false' data-av_icon='\ue8f1' data-av_iconfont='entypo-fontello' title='' data-avia-related-tooltip='Partager sur Twitter' rel=\"noopener\"><span class='avia_hidden_link_text'>Partager sur Twitter<\/span><\/a><\/li><li class='av-share-link av-social-link-linkedin' ><a target=\"_blank\" aria-label=\"Partager sur LinkedIn\" href='https:\/\/linkedin.com\/shareArticle?mini=true&#038;title=Dringender%20Handlungsbedarf%20bei%20Long%20Covid&#038;url=https:\/\/lorenzhess.ch\/fr\/2025\/05\/29\/dringender-handlungsbedarf-bei-long-covid\/' aria-hidden='false' data-av_icon='\ue8fc' data-av_iconfont='entypo-fontello' title='' data-avia-related-tooltip='Partager sur LinkedIn' rel=\"noopener\"><span class='avia_hidden_link_text'>Partager sur LinkedIn<\/span><\/a><\/li><\/ul><\/div><\/div><\/p><\/div><\/div><\/div><\/main><!-- close content main element --><\/div><\/div><div id='av_section_2'  class='avia-section av-lnonw21u-1b93e6382383173a51521f882bf17c51 main_color avia-section-default avia-no-border-styling  avia-builder-el-5  el_after_av_section  avia-builder-el-last  av-desktop-hide av-medium-hide avia-bg-style-scroll container_wrap sidebar_right'  ><div class='container av-section-cont-open' ><div class='template-page content  av-content-small alpha units'><div class='post-entry post-entry-type-page post-entry-3830'><div class='entry-content-wrapper clearfix'>\n<div class='flex_column av-lnonwaf6-db9d0a08d542a9e406c2220641f3831d av_one_full  avia-builder-el-6  avia-builder-el-no-sibling  first flex_column_div '     ><section  class='av_textblock_section av-65tbkt-83e3f827abb82bd0e313fcac31eb59ca'  itemscope=\"itemscope\" itemtype=\"https:\/\/schema.org\/BlogPosting\" itemprop=\"blogPost\" ><div class='avia_textblock'  itemprop=\"text\" ><div class=\"cD_92h UitnHM\" tabindex=\"-1\" data-hook=\"post-title\">\n<div class=\"headline__highlight\">\n<div class=\"headline__inner headline__inner--highlight\">\n<div class=\"cD_92h UitnHM\" tabindex=\"-1\" data-hook=\"post-title\">\n<div class=\"headline__highlight\">\n<div class=\"headline__inner headline__inner--highlight\">\n<div class=\"cD_92h UitnHM\" tabindex=\"-1\" data-hook=\"post-title\">\n<div class=\"headline__highlight\">\n<div class=\"headline__inner headline__inner--highlight\">\n<div class=\"cD_92h UitnHM\" tabindex=\"-1\" data-hook=\"post-title\">\n<div class=\"headline__highlight\">\n<div class=\"headline__inner headline__inner--highlight\">\n<div class=\"cD_92h UitnHM\" tabindex=\"-1\" data-hook=\"post-title\">\n<div class=\"headline__highlight\">\n<div class=\"headline__inner headline__inner--highlight\">\n<h1>Dringender Handlungsbedarf bei Long Covid<\/h1>\n<p><strong>Von Long Covid betroffene Personen f\u00fchlen sich im Stich gelassen. Im Schweizer Parlament wurden jedoch bereits Vorst\u00f6sse \u00fcberwiesen, welche die Situation der Betroffenen verbessern wollen. Doch deren Umsetzung geht bloss langsam voran. Unter anderem deshalb sagt Mitte-Nationalrat Lorenz Hess:<\/strong> <strong>\u00abNicht nur f\u00fcr die Betroffenen besteht dringender Handlungsbedarf. Auch f\u00fcr unser Gesundheitssystem steht eine Herausforderung bevor, auf die wir ungen\u00fcgend vorbereitet sind.\u00bb Er hat Ende des Jahres 2024 eine Motion eingereicht, die eine nationale Strategie fordert. So soll es unter anderem eine rechtzeitige Diagnostik, Zugang zu Therapien und Arzneimitteln sowie Unterst\u00fctzung durch die Sozialversicherungen geben. Sowohl der Bundesrat als auch der Nationalrat haben der Motion\u00a0zugestimmt \u2013 jetzt ist die zust\u00e4ndige Kommission an der Arbeit.<\/strong><\/p>\n<p><a href=\"https:\/\/www.nau.ch\/politik\/bundeshaus\/long-covid-politik-sieht-dringenden-handlungsbedarf-66984464\" target=\"_blank\" rel=\"noopener\">nau.ch<\/a><\/p>\n<\/div>\n<\/div>\n<\/div>\n<\/div>\n<\/div>\n<\/div>\n<\/div>\n<\/div>\n<\/div>\n<\/div>\n<\/div>\n<\/div>\n<\/div>\n<\/div>\n<\/div>\n<\/div><\/section><br \/>\n\n<style type=\"text\/css\" data-created_by=\"avia_inline_auto\" id=\"style-css-av-4xi8ql-78ad119a6ee6e5cc692d7357a5cae250\">\n.avia-image-container.av-4xi8ql-78ad119a6ee6e5cc692d7357a5cae250 img.avia_image{\nbox-shadow:none;\n}\n.avia-image-container.av-4xi8ql-78ad119a6ee6e5cc692d7357a5cae250 .av-image-caption-overlay-center{\ncolor:#ffffff;\n}\n<\/style>\n<div  class='avia-image-container av-4xi8ql-78ad119a6ee6e5cc692d7357a5cae250 av-styling- avia-align-left  avia-builder-el-8  el_after_av_textblock  el_before_av_social_share '   itemprop=\"image\" itemscope=\"itemscope\" itemtype=\"https:\/\/schema.org\/ImageObject\" ><div class=\"avia-image-container-inner\"><div class=\"avia-image-overlay-wrap\"><img decoding=\"async\" class='wp-image-1953 avia-img-lazy-loading-not-1953 avia_image ' src=\"https:\/\/lorenzhess.ch\/wp-content\/uploads\/2023\/03\/Lorenz_Hess_Parlament-1030x621.png\" alt='Lorenz Hess im Parlament' title='Lorenz_Hess_Parlament'  height=\"621\" width=\"1030\"  itemprop=\"thumbnailUrl\" srcset=\"https:\/\/lorenzhess.ch\/wp-content\/uploads\/2023\/03\/Lorenz_Hess_Parlament-1030x621.png 1030w, https:\/\/lorenzhess.ch\/wp-content\/uploads\/2023\/03\/Lorenz_Hess_Parlament-300x181.png 300w, https:\/\/lorenzhess.ch\/wp-content\/uploads\/2023\/03\/Lorenz_Hess_Parlament-768x463.png 768w, https:\/\/lorenzhess.ch\/wp-content\/uploads\/2023\/03\/Lorenz_Hess_Parlament-1536x926.png 1536w\" sizes=\"(max-width: 1030px) 100vw, 1030px\" \/><\/div><\/div><\/div><br \/>\n<div  class='av-social-sharing-box av-1zrfzh-04686e32bac81490757d98a5a0d552b9 av-social-sharing-box-icon  avia-builder-el-9  el_after_av_image  avia-builder-el-last  av-social-sharing-box-same-width'><div class=\"av-share-box\"><ul class=\"av-share-box-list noLightbox\"><li class='av-share-link av-social-link-facebook' ><a target=\"_blank\" aria-label=\"Partager sur Facebook\" href='https:\/\/www.facebook.com\/sharer.php?u=https:\/\/lorenzhess.ch\/fr\/2025\/05\/29\/dringender-handlungsbedarf-bei-long-covid\/&#038;t=Dringender%20Handlungsbedarf%20bei%20Long%20Covid' aria-hidden='false' data-av_icon='\ue8f3' data-av_iconfont='entypo-fontello' title='' data-avia-related-tooltip='Partager sur Facebook' rel=\"noopener\"><span class='avia_hidden_link_text'>Partager sur Facebook<\/span><\/a><\/li><li class='av-share-link av-social-link-twitter' ><a target=\"_blank\" aria-label=\"Partager sur Twitter\" href='https:\/\/twitter.com\/share?text=Dringender%20Handlungsbedarf%20bei%20Long%20Covid&#038;url=https:\/\/lorenzhess.ch\/fr\/?p=3830' aria-hidden='false' data-av_icon='\ue8f1' data-av_iconfont='entypo-fontello' title='' data-avia-related-tooltip='Partager sur Twitter' rel=\"noopener\"><span class='avia_hidden_link_text'>Partager sur Twitter<\/span><\/a><\/li><li class='av-share-link av-social-link-linkedin' ><a target=\"_blank\" aria-label=\"Partager sur LinkedIn\" href='https:\/\/linkedin.com\/shareArticle?mini=true&#038;title=Dringender%20Handlungsbedarf%20bei%20Long%20Covid&#038;url=https:\/\/lorenzhess.ch\/fr\/2025\/05\/29\/dringender-handlungsbedarf-bei-long-covid\/' aria-hidden='false' data-av_icon='\ue8fc' data-av_iconfont='entypo-fontello' title='' data-avia-related-tooltip='Partager sur LinkedIn' rel=\"noopener\"><span class='avia_hidden_link_text'>Partager sur LinkedIn<\/span><\/a><\/li><\/ul><\/div><\/div><\/p><\/div><\/div><\/div><\/div><!-- close content main div --><\/div><\/div><div id='after_section_2'  class='main_color av_default_container_wrap container_wrap sidebar_right'  ><div class='container av-section-cont-open' ><div class='template-page content  av-content-small alpha units'><div class='post-entry post-entry-type-page post-entry-3830'><div class='entry-content-wrapper clearfix'><\/p>\n","protected":false},"excerpt":{"rendered":"<p>nau.ch<\/p>\n","protected":false},"author":3,"featured_media":1953,"comment_status":"closed","ping_status":"open","sticky":false,"template":"","format":"standard","meta":{"footnotes":""},"categories":[16],"tags":[19],"class_list":["post-3830","post","type-post","status-publish","format-standard","has-post-thumbnail","hentry","category-dans-les-medias","tag-landscape-fr"],"yoast_head":"<!-- This site is optimized with the Yoast SEO plugin v27.5 - https:\/\/yoast.com\/product\/yoast-seo-wordpress\/ -->\n<title>Dringender Handlungsbedarf bei Long Covid - Lorenz Hess - Die Mitte<\/title>\n<meta name=\"description\" content=\"\u00abNicht nur f\u00fcr die Betroffenen besteht dringender Handlungsbedarf. Auch f\u00fcr unser Gesundheitssystem steht eine Herausforderung bevor, auf die wir ungen\u00fcgend vorbereitet sind.\u00bb\" \/>\n<meta name=\"robots\" content=\"index, follow, max-snippet:-1, max-image-preview:large, max-video-preview:-1\" \/>\n<link rel=\"canonical\" href=\"https:\/\/lorenzhess.ch\/fr\/2025\/05\/29\/dringender-handlungsbedarf-bei-long-covid\/\" \/>\n<meta property=\"og:locale\" content=\"fr_FR\" \/>\n<meta property=\"og:type\" content=\"article\" \/>\n<meta property=\"og:title\" content=\"Dringender Handlungsbedarf bei Long Covid\" \/>\n<meta property=\"og:description\" content=\"\u00abNicht nur f\u00fcr die Betroffenen besteht dringender Handlungsbedarf. Auch f\u00fcr unser Gesundheitssystem steht eine Herausforderung bevor, auf die wir ungen\u00fcgend vorbereitet sind.\u00bb\" \/>\n<meta property=\"og:url\" content=\"https:\/\/lorenzhess.ch\/fr\/2025\/05\/29\/dringender-handlungsbedarf-bei-long-covid\/\" \/>\n<meta property=\"og:site_name\" content=\"Lorenz Hess - Die Mitte\" \/>\n<meta property=\"article:published_time\" content=\"2025-05-29T13:26:40+00:00\" \/>\n<meta property=\"article:modified_time\" content=\"2025-05-31T13:43:12+00:00\" \/>\n<meta property=\"og:image\" content=\"https:\/\/lorenzhess.ch\/wp-content\/uploads\/2023\/03\/Lorenz_Hess_Egger_Bier.webp\" \/>\n\t<meta property=\"og:image:width\" content=\"2001\" \/>\n\t<meta property=\"og:image:height\" content=\"1334\" \/>\n\t<meta property=\"og:image:type\" content=\"image\/webp\" \/>\n<meta name=\"author\" content=\"Redaktionsteam\" \/>\n<meta name=\"twitter:card\" content=\"summary_large_image\" \/>\n<meta name=\"twitter:title\" content=\"Dringender Handlungsbedarf bei Long Covid\" \/>\n<meta name=\"twitter:description\" content=\"\u00abNicht nur f\u00fcr die Betroffenen besteht dringender Handlungsbedarf. Auch f\u00fcr unser Gesundheitssystem steht eine Herausforderung bevor, auf die wir ungen\u00fcgend vorbereitet sind.\u00bb\" \/>\n<meta name=\"twitter:image\" content=\"https:\/\/lorenzhess.ch\/wp-content\/uploads\/2023\/03\/Lorenz_Hess_Egger_Bier.webp\" \/>\n<script type=\"application\/ld+json\" class=\"yoast-schema-graph\">{\"@context\":\"https:\\\/\\\/schema.org\",\"@graph\":[{\"@type\":\"Article\",\"@id\":\"https:\\\/\\\/lorenzhess.ch\\\/fr\\\/2025\\\/05\\\/29\\\/dringender-handlungsbedarf-bei-long-covid\\\/#article\",\"isPartOf\":{\"@id\":\"https:\\\/\\\/lorenzhess.ch\\\/fr\\\/2025\\\/05\\\/29\\\/dringender-handlungsbedarf-bei-long-covid\\\/\"},\"author\":{\"name\":\"Redaktionsteam\",\"@id\":\"https:\\\/\\\/lorenzhess.ch\\\/fr\\\/#\\\/schema\\\/person\\\/808417283f71963c0c111d685d4d8e09\"},\"headline\":\"Dringender Handlungsbedarf bei Long Covid\",\"datePublished\":\"2025-05-29T13:26:40+00:00\",\"dateModified\":\"2025-05-31T13:43:12+00:00\",\"mainEntityOfPage\":{\"@id\":\"https:\\\/\\\/lorenzhess.ch\\\/fr\\\/2025\\\/05\\\/29\\\/dringender-handlungsbedarf-bei-long-covid\\\/\"},\"wordCount\":1971,\"image\":{\"@id\":\"https:\\\/\\\/lorenzhess.ch\\\/fr\\\/2025\\\/05\\\/29\\\/dringender-handlungsbedarf-bei-long-covid\\\/#primaryimage\"},\"thumbnailUrl\":\"https:\\\/\\\/lorenzhess.ch\\\/wp-content\\\/uploads\\\/2023\\\/03\\\/Lorenz_Hess_Parlament.png\",\"keywords\":[\"landscape\"],\"articleSection\":[\"Dans les m\u00e9dias\"],\"inLanguage\":\"fr-FR\"},{\"@type\":\"WebPage\",\"@id\":\"https:\\\/\\\/lorenzhess.ch\\\/fr\\\/2025\\\/05\\\/29\\\/dringender-handlungsbedarf-bei-long-covid\\\/\",\"url\":\"https:\\\/\\\/lorenzhess.ch\\\/fr\\\/2025\\\/05\\\/29\\\/dringender-handlungsbedarf-bei-long-covid\\\/\",\"name\":\"Dringender Handlungsbedarf bei Long Covid - Lorenz Hess - Die Mitte\",\"isPartOf\":{\"@id\":\"https:\\\/\\\/lorenzhess.ch\\\/fr\\\/#website\"},\"primaryImageOfPage\":{\"@id\":\"https:\\\/\\\/lorenzhess.ch\\\/fr\\\/2025\\\/05\\\/29\\\/dringender-handlungsbedarf-bei-long-covid\\\/#primaryimage\"},\"image\":{\"@id\":\"https:\\\/\\\/lorenzhess.ch\\\/fr\\\/2025\\\/05\\\/29\\\/dringender-handlungsbedarf-bei-long-covid\\\/#primaryimage\"},\"thumbnailUrl\":\"https:\\\/\\\/lorenzhess.ch\\\/wp-content\\\/uploads\\\/2023\\\/03\\\/Lorenz_Hess_Parlament.png\",\"datePublished\":\"2025-05-29T13:26:40+00:00\",\"dateModified\":\"2025-05-31T13:43:12+00:00\",\"author\":{\"@id\":\"https:\\\/\\\/lorenzhess.ch\\\/fr\\\/#\\\/schema\\\/person\\\/808417283f71963c0c111d685d4d8e09\"},\"description\":\"\u00abNicht nur f\u00fcr die Betroffenen besteht dringender Handlungsbedarf. Auch f\u00fcr unser Gesundheitssystem steht eine Herausforderung bevor, auf die wir ungen\u00fcgend vorbereitet sind.\u00bb\",\"breadcrumb\":{\"@id\":\"https:\\\/\\\/lorenzhess.ch\\\/fr\\\/2025\\\/05\\\/29\\\/dringender-handlungsbedarf-bei-long-covid\\\/#breadcrumb\"},\"inLanguage\":\"fr-FR\",\"potentialAction\":[{\"@type\":\"ReadAction\",\"target\":[\"https:\\\/\\\/lorenzhess.ch\\\/fr\\\/2025\\\/05\\\/29\\\/dringender-handlungsbedarf-bei-long-covid\\\/\"]}]},{\"@type\":\"ImageObject\",\"inLanguage\":\"fr-FR\",\"@id\":\"https:\\\/\\\/lorenzhess.ch\\\/fr\\\/2025\\\/05\\\/29\\\/dringender-handlungsbedarf-bei-long-covid\\\/#primaryimage\",\"url\":\"https:\\\/\\\/lorenzhess.ch\\\/wp-content\\\/uploads\\\/2023\\\/03\\\/Lorenz_Hess_Parlament.png\",\"contentUrl\":\"https:\\\/\\\/lorenzhess.ch\\\/wp-content\\\/uploads\\\/2023\\\/03\\\/Lorenz_Hess_Parlament.png\",\"width\":2107,\"height\":1270,\"caption\":\"Lorenz Hess im Parlament\"},{\"@type\":\"BreadcrumbList\",\"@id\":\"https:\\\/\\\/lorenzhess.ch\\\/fr\\\/2025\\\/05\\\/29\\\/dringender-handlungsbedarf-bei-long-covid\\\/#breadcrumb\",\"itemListElement\":[{\"@type\":\"ListItem\",\"position\":1,\"name\":\"Home\",\"item\":\"https:\\\/\\\/lorenzhess.ch\\\/fr\\\/\"},{\"@type\":\"ListItem\",\"position\":2,\"name\":\"Dringender Handlungsbedarf bei Long Covid\"}]},{\"@type\":\"WebSite\",\"@id\":\"https:\\\/\\\/lorenzhess.ch\\\/fr\\\/#website\",\"url\":\"https:\\\/\\\/lorenzhess.ch\\\/fr\\\/\",\"name\":\"Lorenz Hess - Die Mitte\",\"description\":\"B\u00fcrgerlich denken. Nachhaltig handeln.\",\"potentialAction\":[{\"@type\":\"SearchAction\",\"target\":{\"@type\":\"EntryPoint\",\"urlTemplate\":\"https:\\\/\\\/lorenzhess.ch\\\/fr\\\/?s={search_term_string}\"},\"query-input\":{\"@type\":\"PropertyValueSpecification\",\"valueRequired\":true,\"valueName\":\"search_term_string\"}}],\"inLanguage\":\"fr-FR\"},{\"@type\":\"Person\",\"@id\":\"https:\\\/\\\/lorenzhess.ch\\\/fr\\\/#\\\/schema\\\/person\\\/808417283f71963c0c111d685d4d8e09\",\"name\":\"Redaktionsteam\",\"image\":{\"@type\":\"ImageObject\",\"inLanguage\":\"fr-FR\",\"@id\":\"https:\\\/\\\/secure.gravatar.com\\\/avatar\\\/4709ac34599df081f1d385489f4c8e2980074322606727060c85518452de4b37?s=96&d=mm&r=g\",\"url\":\"https:\\\/\\\/secure.gravatar.com\\\/avatar\\\/4709ac34599df081f1d385489f4c8e2980074322606727060c85518452de4b37?s=96&d=mm&r=g\",\"contentUrl\":\"https:\\\/\\\/secure.gravatar.com\\\/avatar\\\/4709ac34599df081f1d385489f4c8e2980074322606727060c85518452de4b37?s=96&d=mm&r=g\",\"caption\":\"Redaktionsteam\"},\"url\":\"https:\\\/\\\/lorenzhess.ch\\\/fr\\\/author\\\/vhess\\\/\"}]}<\/script>\n<!-- \/ Yoast SEO plugin. -->","yoast_head_json":{"title":"Dringender Handlungsbedarf bei Long Covid - Lorenz Hess - Die Mitte","description":"\u00abNicht nur f\u00fcr die Betroffenen besteht dringender Handlungsbedarf. Auch f\u00fcr unser Gesundheitssystem steht eine Herausforderung bevor, auf die wir ungen\u00fcgend vorbereitet sind.\u00bb","robots":{"index":"index","follow":"follow","max-snippet":"max-snippet:-1","max-image-preview":"max-image-preview:large","max-video-preview":"max-video-preview:-1"},"canonical":"https:\/\/lorenzhess.ch\/fr\/2025\/05\/29\/dringender-handlungsbedarf-bei-long-covid\/","og_locale":"fr_FR","og_type":"article","og_title":"Dringender Handlungsbedarf bei Long Covid","og_description":"\u00abNicht nur f\u00fcr die Betroffenen besteht dringender Handlungsbedarf. Auch f\u00fcr unser Gesundheitssystem steht eine Herausforderung bevor, auf die wir ungen\u00fcgend vorbereitet sind.\u00bb","og_url":"https:\/\/lorenzhess.ch\/fr\/2025\/05\/29\/dringender-handlungsbedarf-bei-long-covid\/","og_site_name":"Lorenz Hess - Die Mitte","article_published_time":"2025-05-29T13:26:40+00:00","article_modified_time":"2025-05-31T13:43:12+00:00","og_image":[{"width":2001,"height":1334,"url":"https:\/\/lorenzhess.ch\/wp-content\/uploads\/2023\/03\/Lorenz_Hess_Egger_Bier.webp","type":"image\/webp"}],"author":"Redaktionsteam","twitter_card":"summary_large_image","twitter_title":"Dringender Handlungsbedarf bei Long Covid","twitter_description":"\u00abNicht nur f\u00fcr die Betroffenen besteht dringender Handlungsbedarf. Auch f\u00fcr unser Gesundheitssystem steht eine Herausforderung bevor, auf die wir ungen\u00fcgend vorbereitet sind.\u00bb","twitter_image":"https:\/\/lorenzhess.ch\/wp-content\/uploads\/2023\/03\/Lorenz_Hess_Egger_Bier.webp","schema":{"@context":"https:\/\/schema.org","@graph":[{"@type":"Article","@id":"https:\/\/lorenzhess.ch\/fr\/2025\/05\/29\/dringender-handlungsbedarf-bei-long-covid\/#article","isPartOf":{"@id":"https:\/\/lorenzhess.ch\/fr\/2025\/05\/29\/dringender-handlungsbedarf-bei-long-covid\/"},"author":{"name":"Redaktionsteam","@id":"https:\/\/lorenzhess.ch\/fr\/#\/schema\/person\/808417283f71963c0c111d685d4d8e09"},"headline":"Dringender Handlungsbedarf bei Long Covid","datePublished":"2025-05-29T13:26:40+00:00","dateModified":"2025-05-31T13:43:12+00:00","mainEntityOfPage":{"@id":"https:\/\/lorenzhess.ch\/fr\/2025\/05\/29\/dringender-handlungsbedarf-bei-long-covid\/"},"wordCount":1971,"image":{"@id":"https:\/\/lorenzhess.ch\/fr\/2025\/05\/29\/dringender-handlungsbedarf-bei-long-covid\/#primaryimage"},"thumbnailUrl":"https:\/\/lorenzhess.ch\/wp-content\/uploads\/2023\/03\/Lorenz_Hess_Parlament.png","keywords":["landscape"],"articleSection":["Dans les m\u00e9dias"],"inLanguage":"fr-FR"},{"@type":"WebPage","@id":"https:\/\/lorenzhess.ch\/fr\/2025\/05\/29\/dringender-handlungsbedarf-bei-long-covid\/","url":"https:\/\/lorenzhess.ch\/fr\/2025\/05\/29\/dringender-handlungsbedarf-bei-long-covid\/","name":"Dringender Handlungsbedarf bei Long Covid - Lorenz Hess - Die Mitte","isPartOf":{"@id":"https:\/\/lorenzhess.ch\/fr\/#website"},"primaryImageOfPage":{"@id":"https:\/\/lorenzhess.ch\/fr\/2025\/05\/29\/dringender-handlungsbedarf-bei-long-covid\/#primaryimage"},"image":{"@id":"https:\/\/lorenzhess.ch\/fr\/2025\/05\/29\/dringender-handlungsbedarf-bei-long-covid\/#primaryimage"},"thumbnailUrl":"https:\/\/lorenzhess.ch\/wp-content\/uploads\/2023\/03\/Lorenz_Hess_Parlament.png","datePublished":"2025-05-29T13:26:40+00:00","dateModified":"2025-05-31T13:43:12+00:00","author":{"@id":"https:\/\/lorenzhess.ch\/fr\/#\/schema\/person\/808417283f71963c0c111d685d4d8e09"},"description":"\u00abNicht nur f\u00fcr die Betroffenen besteht dringender Handlungsbedarf. Auch f\u00fcr unser Gesundheitssystem steht eine Herausforderung bevor, auf die wir ungen\u00fcgend vorbereitet sind.\u00bb","breadcrumb":{"@id":"https:\/\/lorenzhess.ch\/fr\/2025\/05\/29\/dringender-handlungsbedarf-bei-long-covid\/#breadcrumb"},"inLanguage":"fr-FR","potentialAction":[{"@type":"ReadAction","target":["https:\/\/lorenzhess.ch\/fr\/2025\/05\/29\/dringender-handlungsbedarf-bei-long-covid\/"]}]},{"@type":"ImageObject","inLanguage":"fr-FR","@id":"https:\/\/lorenzhess.ch\/fr\/2025\/05\/29\/dringender-handlungsbedarf-bei-long-covid\/#primaryimage","url":"https:\/\/lorenzhess.ch\/wp-content\/uploads\/2023\/03\/Lorenz_Hess_Parlament.png","contentUrl":"https:\/\/lorenzhess.ch\/wp-content\/uploads\/2023\/03\/Lorenz_Hess_Parlament.png","width":2107,"height":1270,"caption":"Lorenz Hess im Parlament"},{"@type":"BreadcrumbList","@id":"https:\/\/lorenzhess.ch\/fr\/2025\/05\/29\/dringender-handlungsbedarf-bei-long-covid\/#breadcrumb","itemListElement":[{"@type":"ListItem","position":1,"name":"Home","item":"https:\/\/lorenzhess.ch\/fr\/"},{"@type":"ListItem","position":2,"name":"Dringender Handlungsbedarf bei Long Covid"}]},{"@type":"WebSite","@id":"https:\/\/lorenzhess.ch\/fr\/#website","url":"https:\/\/lorenzhess.ch\/fr\/","name":"Lorenz Hess - Die Mitte","description":"B\u00fcrgerlich denken. Nachhaltig handeln.","potentialAction":[{"@type":"SearchAction","target":{"@type":"EntryPoint","urlTemplate":"https:\/\/lorenzhess.ch\/fr\/?s={search_term_string}"},"query-input":{"@type":"PropertyValueSpecification","valueRequired":true,"valueName":"search_term_string"}}],"inLanguage":"fr-FR"},{"@type":"Person","@id":"https:\/\/lorenzhess.ch\/fr\/#\/schema\/person\/808417283f71963c0c111d685d4d8e09","name":"Redaktionsteam","image":{"@type":"ImageObject","inLanguage":"fr-FR","@id":"https:\/\/secure.gravatar.com\/avatar\/4709ac34599df081f1d385489f4c8e2980074322606727060c85518452de4b37?s=96&d=mm&r=g","url":"https:\/\/secure.gravatar.com\/avatar\/4709ac34599df081f1d385489f4c8e2980074322606727060c85518452de4b37?s=96&d=mm&r=g","contentUrl":"https:\/\/secure.gravatar.com\/avatar\/4709ac34599df081f1d385489f4c8e2980074322606727060c85518452de4b37?s=96&d=mm&r=g","caption":"Redaktionsteam"},"url":"https:\/\/lorenzhess.ch\/fr\/author\/vhess\/"}]}},"_links":{"self":[{"href":"https:\/\/lorenzhess.ch\/fr\/wp-json\/wp\/v2\/posts\/3830","targetHints":{"allow":["GET"]}}],"collection":[{"href":"https:\/\/lorenzhess.ch\/fr\/wp-json\/wp\/v2\/posts"}],"about":[{"href":"https:\/\/lorenzhess.ch\/fr\/wp-json\/wp\/v2\/types\/post"}],"author":[{"embeddable":true,"href":"https:\/\/lorenzhess.ch\/fr\/wp-json\/wp\/v2\/users\/3"}],"replies":[{"embeddable":true,"href":"https:\/\/lorenzhess.ch\/fr\/wp-json\/wp\/v2\/comments?post=3830"}],"version-history":[{"count":3,"href":"https:\/\/lorenzhess.ch\/fr\/wp-json\/wp\/v2\/posts\/3830\/revisions"}],"predecessor-version":[{"id":3831,"href":"https:\/\/lorenzhess.ch\/fr\/wp-json\/wp\/v2\/posts\/3830\/revisions\/3831"}],"wp:featuredmedia":[{"embeddable":true,"href":"https:\/\/lorenzhess.ch\/fr\/wp-json\/wp\/v2\/media\/1953"}],"wp:attachment":[{"href":"https:\/\/lorenzhess.ch\/fr\/wp-json\/wp\/v2\/media?parent=3830"}],"wp:term":[{"taxonomy":"category","embeddable":true,"href":"https:\/\/lorenzhess.ch\/fr\/wp-json\/wp\/v2\/categories?post=3830"},{"taxonomy":"post_tag","embeddable":true,"href":"https:\/\/lorenzhess.ch\/fr\/wp-json\/wp\/v2\/tags?post=3830"}],"curies":[{"name":"wp","href":"https:\/\/api.w.org\/{rel}","templated":true}]}}