{"id":3880,"date":"2025-11-23T17:24:12","date_gmt":"2025-11-23T16:24:12","guid":{"rendered":"https:\/\/lorenzhess.ch\/2025\/11\/23\/umsetzung-der-pflegeinitiative\/"},"modified":"2025-11-30T17:28:20","modified_gmt":"2025-11-30T16:28:20","slug":"umsetzung-der-pflegeinitiative","status":"publish","type":"post","link":"https:\/\/lorenzhess.ch\/fr\/2025\/11\/23\/umsetzung-der-pflegeinitiative\/","title":{"rendered":"Umsetzung der Pflegeinitiative"},"content":{"rendered":"<div id='av_section_1'  class='avia-section av-5suxgd-4e37af07338a5aefdfc3da64be082f87 main_color avia-section-default avia-no-border-styling  avia-builder-el-0  el_before_av_section  avia-builder-el-first  av-small-hide av-mini-hide avia-bg-style-scroll container_wrap sidebar_right'  ><div class='container av-section-cont-open' ><main  role=\"main\" itemprop=\"mainContentOfPage\"  class='template-page content  av-content-small alpha units'><div class='post-entry post-entry-type-page post-entry-3880'><div class='entry-content-wrapper clearfix'>\n\n<style type=\"text\/css\" data-created_by=\"avia_inline_auto\" id=\"style-css-av-49fwgt-42b35f57aacbfe035d5197f823e0476a\">\n.flex_column.av-49fwgt-42b35f57aacbfe035d5197f823e0476a{\npadding:0 0 0 149px;\n}\n<\/style>\n<div class='flex_column av-49fwgt-42b35f57aacbfe035d5197f823e0476a av_one_full  avia-builder-el-1  avia-builder-el-no-sibling  first flex_column_div '     ><section  class='av_textblock_section av-lnoney25-d4e1dafb9c68487d3f4cf5e2e07835ae'  itemscope=\"itemscope\" itemtype=\"https:\/\/schema.org\/BlogPosting\" itemprop=\"blogPost\" ><div class='avia_textblock'  itemprop=\"text\" ><div class=\"OFA52E\">\n<div class=\"cD_92h UitnHM\" tabindex=\"-1\" data-hook=\"post-title\">\n<div class=\"headline__highlight\">\n<div class=\"headline__inner headline__inner--highlight\">\n<h1>Umsetzung der Pflegeinitiative<\/h1>\n<p><strong>In Bern demonstrierte am Samstag, 22. November 2025, das Pflegepersonal und fordert eine rasche Umsetzung des zweiten Teils der Pflegeinitiative. Diese Massnahmen sollen rund 2 Mia. Franken kosten. Bei deren Finanzierung liegt der Knackpunkt: Lorenz Hess sagte gegen\u00fcber Tele B\u00e4rn, dass &#8211; basierend auf dem Vorschlag des Bundesrats &#8211; nun berechnet werden m\u00fcsse, wie sich der erh\u00f6hte Personalbedarf aufgrund einer niedrigeren Wochenarbeitszeit der Pflegenden auf die Kosten f\u00fcr die Spitexorganisationen sowie die Krankenkassenpr\u00e4mien auswirken w\u00fcrden.\u00a0<\/strong><\/p>\n<p><a href=\"https:\/\/www.telebaern.tv\/telebaern-news\/das-pflegepersonal-geht-auf-die-strasse-162561656\" target=\"_blank\" rel=\"noopener\">Tele B\u00e4rn<\/a><\/p>\n<\/div>\n<\/div>\n<\/div>\n<\/div>\n<\/div><\/section><br \/>\n\n<style type=\"text\/css\" data-created_by=\"avia_inline_auto\" id=\"style-css-av-lnonmp64-da9f715e65381f88d1f7c339a7040bff\">\n.avia-image-container.av-lnonmp64-da9f715e65381f88d1f7c339a7040bff img.avia_image{\nbox-shadow:none;\n}\n.avia-image-container.av-lnonmp64-da9f715e65381f88d1f7c339a7040bff .av-image-caption-overlay-center{\ncolor:#ffffff;\n}\n<\/style>\n<div  class='avia-image-container av-lnonmp64-da9f715e65381f88d1f7c339a7040bff av-styling- avia-align-left  avia-builder-el-3  el_after_av_textblock  el_before_av_social_share '   itemprop=\"image\" itemscope=\"itemscope\" itemtype=\"https:\/\/schema.org\/ImageObject\" ><div class=\"avia-image-container-inner\"><div class=\"avia-image-overlay-wrap\"><img decoding=\"async\" class='wp-image-3525 avia-img-lazy-loading-not-3525 avia_image ' src=\"https:\/\/lorenzhess.ch\/wp-content\/uploads\/2024\/04\/doctor-4303020_1280-1030x686.jpg\" alt='' title='doctor-4303020_1280'  height=\"686\" width=\"1030\"  itemprop=\"thumbnailUrl\" srcset=\"https:\/\/lorenzhess.ch\/wp-content\/uploads\/2024\/04\/doctor-4303020_1280-1030x686.jpg 1030w, https:\/\/lorenzhess.ch\/wp-content\/uploads\/2024\/04\/doctor-4303020_1280-300x200.jpg 300w, https:\/\/lorenzhess.ch\/wp-content\/uploads\/2024\/04\/doctor-4303020_1280-768x512.jpg 768w, https:\/\/lorenzhess.ch\/wp-content\/uploads\/2024\/04\/doctor-4303020_1280-705x470.jpg 705w, https:\/\/lorenzhess.ch\/wp-content\/uploads\/2024\/04\/doctor-4303020_1280.jpg 1280w\" sizes=\"(max-width: 1030px) 100vw, 1030px\" \/><\/div><\/div><\/div><br \/>\n<div  class='av-social-sharing-box av-2qg3bh-de4742c05f9f2889b4347ee2d0025eda av-social-sharing-box-icon  avia-builder-el-4  el_after_av_image  avia-builder-el-last  av-social-sharing-box-same-width'><div class=\"av-share-box\"><ul class=\"av-share-box-list noLightbox\"><li class='av-share-link av-social-link-facebook' ><a target=\"_blank\" aria-label=\"Partager sur Facebook\" href='https:\/\/www.facebook.com\/sharer.php?u=https:\/\/lorenzhess.ch\/fr\/2025\/11\/23\/umsetzung-der-pflegeinitiative\/&#038;t=Umsetzung%20der%20Pflegeinitiative' aria-hidden='false' data-av_icon='\ue8f3' data-av_iconfont='entypo-fontello' title='' data-avia-related-tooltip='Partager sur Facebook' rel=\"noopener\"><span class='avia_hidden_link_text'>Partager sur Facebook<\/span><\/a><\/li><li class='av-share-link av-social-link-twitter' ><a target=\"_blank\" aria-label=\"Partager sur Twitter\" href='https:\/\/twitter.com\/share?text=Umsetzung%20der%20Pflegeinitiative&#038;url=https:\/\/lorenzhess.ch\/fr\/?p=3880' aria-hidden='false' data-av_icon='\ue8f1' data-av_iconfont='entypo-fontello' title='' data-avia-related-tooltip='Partager sur Twitter' rel=\"noopener\"><span class='avia_hidden_link_text'>Partager sur Twitter<\/span><\/a><\/li><li class='av-share-link av-social-link-linkedin' ><a target=\"_blank\" aria-label=\"Partager sur LinkedIn\" href='https:\/\/linkedin.com\/shareArticle?mini=true&#038;title=Umsetzung%20der%20Pflegeinitiative&#038;url=https:\/\/lorenzhess.ch\/fr\/2025\/11\/23\/umsetzung-der-pflegeinitiative\/' aria-hidden='false' data-av_icon='\ue8fc' data-av_iconfont='entypo-fontello' title='' data-avia-related-tooltip='Partager sur LinkedIn' rel=\"noopener\"><span class='avia_hidden_link_text'>Partager sur LinkedIn<\/span><\/a><\/li><\/ul><\/div><\/div><\/p><\/div><\/div><\/div><\/main><!-- close content main element --><\/div><\/div><div id='av_section_2'  class='avia-section av-lnonw21u-1b93e6382383173a51521f882bf17c51 main_color avia-section-default avia-no-border-styling  avia-builder-el-5  el_after_av_section  avia-builder-el-last  av-desktop-hide av-medium-hide avia-bg-style-scroll container_wrap sidebar_right'  ><div class='container av-section-cont-open' ><div class='template-page content  av-content-small alpha units'><div class='post-entry post-entry-type-page post-entry-3880'><div class='entry-content-wrapper clearfix'>\n<div class='flex_column av-lnonwaf6-db9d0a08d542a9e406c2220641f3831d av_one_full  avia-builder-el-6  avia-builder-el-no-sibling  first flex_column_div '     ><section  class='av_textblock_section av-65tbkt-83e3f827abb82bd0e313fcac31eb59ca'  itemscope=\"itemscope\" itemtype=\"https:\/\/schema.org\/BlogPosting\" itemprop=\"blogPost\" ><div class='avia_textblock'  itemprop=\"text\" ><div class=\"cD_92h UitnHM\" tabindex=\"-1\" data-hook=\"post-title\">\n<div class=\"headline__highlight\">\n<div class=\"headline__inner headline__inner--highlight\">\n<h1>Umsetzung der Pflegeinitiative<\/h1>\n<p><strong>In Bern demonstrierte am Samstag, 22. November 2025, das Pflegepersonal und fordert eine rasche Umsetzung des zweiten Teils der Pflegeinitiative. Diese Massnahmen sollen rund 2 Mia. Franken kosten. Bei deren Finanzierung liegt der Knackpunkt: Lorenz Hess sagte gegen\u00fcber Tele B\u00e4rn, dass &#8211; basierend auf dem Vorschlag des Bundesrats &#8211; nun berechnet werden m\u00fcsse, wie sich der erh\u00f6hte Personalbedarf aufgrund einer niedrigeren Wochenarbeitszeit der Pflegenden auf die Kosten f\u00fcr die Spitexorganisationen sowie die Krankenkassenpr\u00e4mien auswirken w\u00fcrden.\u00a0<\/strong><\/p>\n<p><a href=\"https:\/\/www.telebaern.tv\/telebaern-news\/das-pflegepersonal-geht-auf-die-strasse-162561656\" target=\"_blank\" rel=\"noopener\">Tele B\u00e4rn<\/a><\/p>\n<\/div>\n<\/div>\n<\/div>\n<\/div><\/section><br \/>\n\n<style type=\"text\/css\" data-created_by=\"avia_inline_auto\" id=\"style-css-av-4xi8ql-68b011e6322f6dabe571faa3dd97a6a3\">\n.avia-image-container.av-4xi8ql-68b011e6322f6dabe571faa3dd97a6a3 img.avia_image{\nbox-shadow:none;\n}\n.avia-image-container.av-4xi8ql-68b011e6322f6dabe571faa3dd97a6a3 .av-image-caption-overlay-center{\ncolor:#ffffff;\n}\n<\/style>\n<div  class='avia-image-container av-4xi8ql-68b011e6322f6dabe571faa3dd97a6a3 av-styling- avia-align-left  avia-builder-el-8  el_after_av_textblock  el_before_av_social_share '   itemprop=\"image\" itemscope=\"itemscope\" itemtype=\"https:\/\/schema.org\/ImageObject\" ><div class=\"avia-image-container-inner\"><div class=\"avia-image-overlay-wrap\"><img decoding=\"async\" class='wp-image-3525 avia-img-lazy-loading-not-3525 avia_image ' src=\"https:\/\/lorenzhess.ch\/wp-content\/uploads\/2024\/04\/doctor-4303020_1280-1030x686.jpg\" alt='' title='doctor-4303020_1280'  height=\"686\" width=\"1030\"  itemprop=\"thumbnailUrl\" srcset=\"https:\/\/lorenzhess.ch\/wp-content\/uploads\/2024\/04\/doctor-4303020_1280-1030x686.jpg 1030w, https:\/\/lorenzhess.ch\/wp-content\/uploads\/2024\/04\/doctor-4303020_1280-300x200.jpg 300w, https:\/\/lorenzhess.ch\/wp-content\/uploads\/2024\/04\/doctor-4303020_1280-768x512.jpg 768w, https:\/\/lorenzhess.ch\/wp-content\/uploads\/2024\/04\/doctor-4303020_1280-705x470.jpg 705w, https:\/\/lorenzhess.ch\/wp-content\/uploads\/2024\/04\/doctor-4303020_1280.jpg 1280w\" sizes=\"(max-width: 1030px) 100vw, 1030px\" \/><\/div><\/div><\/div><br \/>\n<div  class='av-social-sharing-box av-1zrfzh-04686e32bac81490757d98a5a0d552b9 av-social-sharing-box-icon  avia-builder-el-9  el_after_av_image  avia-builder-el-last  av-social-sharing-box-same-width'><div class=\"av-share-box\"><ul class=\"av-share-box-list noLightbox\"><li class='av-share-link av-social-link-facebook' ><a target=\"_blank\" aria-label=\"Partager sur Facebook\" href='https:\/\/www.facebook.com\/sharer.php?u=https:\/\/lorenzhess.ch\/fr\/2025\/11\/23\/umsetzung-der-pflegeinitiative\/&#038;t=Umsetzung%20der%20Pflegeinitiative' aria-hidden='false' data-av_icon='\ue8f3' data-av_iconfont='entypo-fontello' title='' data-avia-related-tooltip='Partager sur Facebook' rel=\"noopener\"><span class='avia_hidden_link_text'>Partager sur Facebook<\/span><\/a><\/li><li class='av-share-link av-social-link-twitter' ><a target=\"_blank\" aria-label=\"Partager sur Twitter\" href='https:\/\/twitter.com\/share?text=Umsetzung%20der%20Pflegeinitiative&#038;url=https:\/\/lorenzhess.ch\/fr\/?p=3880' aria-hidden='false' data-av_icon='\ue8f1' data-av_iconfont='entypo-fontello' title='' data-avia-related-tooltip='Partager sur Twitter' rel=\"noopener\"><span class='avia_hidden_link_text'>Partager sur Twitter<\/span><\/a><\/li><li class='av-share-link av-social-link-linkedin' ><a target=\"_blank\" aria-label=\"Partager sur LinkedIn\" href='https:\/\/linkedin.com\/shareArticle?mini=true&#038;title=Umsetzung%20der%20Pflegeinitiative&#038;url=https:\/\/lorenzhess.ch\/fr\/2025\/11\/23\/umsetzung-der-pflegeinitiative\/' aria-hidden='false' data-av_icon='\ue8fc' data-av_iconfont='entypo-fontello' title='' data-avia-related-tooltip='Partager sur LinkedIn' rel=\"noopener\"><span class='avia_hidden_link_text'>Partager sur LinkedIn<\/span><\/a><\/li><\/ul><\/div><\/div><\/p><\/div><\/div><\/div><\/div><!-- close content main div --><\/div><\/div><div id='after_section_2'  class='main_color av_default_container_wrap container_wrap sidebar_right'  ><div class='container av-section-cont-open' ><div class='template-page content  av-content-small alpha units'><div class='post-entry post-entry-type-page post-entry-3880'><div class='entry-content-wrapper clearfix'><\/p>\n","protected":false},"excerpt":{"rendered":"<p>Tele B\u00e4rn<\/p>\n","protected":false},"author":3,"featured_media":3525,"comment_status":"closed","ping_status":"open","sticky":false,"template":"","format":"standard","meta":{"footnotes":""},"categories":[16,18],"tags":[19],"class_list":["post-3880","post","type-post","status-publish","format-standard","has-post-thumbnail","hentry","category-dans-les-medias","category-politique","tag-landscape-fr"],"yoast_head":"<!-- This site is optimized with the Yoast SEO plugin v27.5 - https:\/\/yoast.com\/product\/yoast-seo-wordpress\/ -->\n<title>Umsetzung der Pflegeinitiative - Lorenz Hess - Die Mitte<\/title>\n<meta name=\"description\" content=\"Lorenz Hess wird von Tele B\u00e4rn am Tag der Demonstration in Bern um eine Einsch\u00e4tzung zur Umsetzung der zweiten H\u00e4lfte der Pflegeinitiative gebeten.\" \/>\n<meta name=\"robots\" content=\"index, follow, max-snippet:-1, max-image-preview:large, max-video-preview:-1\" \/>\n<link rel=\"canonical\" href=\"https:\/\/lorenzhess.ch\/fr\/2025\/11\/23\/umsetzung-der-pflegeinitiative\/\" \/>\n<meta property=\"og:locale\" content=\"fr_FR\" \/>\n<meta property=\"og:type\" content=\"article\" \/>\n<meta property=\"og:title\" content=\"Umsetzung der Pflegeinitiative\" \/>\n<meta property=\"og:description\" content=\"Lorenz Hess wird von Tele B\u00e4rn am Tag der Demonstration in Bern um eine Einsch\u00e4tzung zur Umsetzung der zweiten H\u00e4lfte der Pflegeinitiative gebeten.\" \/>\n<meta property=\"og:url\" content=\"https:\/\/lorenzhess.ch\/fr\/2025\/11\/23\/umsetzung-der-pflegeinitiative\/\" \/>\n<meta property=\"og:site_name\" content=\"Lorenz Hess - Die Mitte\" \/>\n<meta property=\"article:published_time\" content=\"2025-11-23T16:24:12+00:00\" \/>\n<meta property=\"article:modified_time\" content=\"2025-11-30T16:28:20+00:00\" \/>\n<meta property=\"og:image\" content=\"https:\/\/lorenzhess.ch\/wp-content\/uploads\/2024\/04\/doctor-4303020_1280.jpg\" \/>\n\t<meta property=\"og:image:width\" content=\"1280\" \/>\n\t<meta property=\"og:image:height\" content=\"853\" \/>\n\t<meta property=\"og:image:type\" content=\"image\/jpeg\" \/>\n<meta name=\"author\" content=\"Redaktionsteam\" \/>\n<meta name=\"twitter:card\" content=\"summary_large_image\" \/>\n<meta name=\"twitter:title\" content=\"Umsetzung der Pflegeinitiative\" \/>\n<meta name=\"twitter:description\" content=\"Lorenz Hess wird von Tele B\u00e4rn am Tag der Demonstration in Bern um eine Einsch\u00e4tzung zur Umsetzung der zweiten H\u00e4lfte der Pflegeinitiative gebeten.\" \/>\n<meta name=\"twitter:image\" content=\"https:\/\/lorenzhess.ch\/wp-content\/uploads\/2024\/04\/doctor-4303020_1280.jpg\" \/>\n<script type=\"application\/ld+json\" class=\"yoast-schema-graph\">{\"@context\":\"https:\\\/\\\/schema.org\",\"@graph\":[{\"@type\":\"Article\",\"@id\":\"https:\\\/\\\/lorenzhess.ch\\\/fr\\\/2025\\\/11\\\/23\\\/umsetzung-der-pflegeinitiative\\\/#article\",\"isPartOf\":{\"@id\":\"https:\\\/\\\/lorenzhess.ch\\\/fr\\\/2025\\\/11\\\/23\\\/umsetzung-der-pflegeinitiative\\\/\"},\"author\":{\"name\":\"Redaktionsteam\",\"@id\":\"https:\\\/\\\/lorenzhess.ch\\\/fr\\\/#\\\/schema\\\/person\\\/808417283f71963c0c111d685d4d8e09\"},\"headline\":\"Umsetzung der Pflegeinitiative\",\"datePublished\":\"2025-11-23T16:24:12+00:00\",\"dateModified\":\"2025-11-30T16:28:20+00:00\",\"mainEntityOfPage\":{\"@id\":\"https:\\\/\\\/lorenzhess.ch\\\/fr\\\/2025\\\/11\\\/23\\\/umsetzung-der-pflegeinitiative\\\/\"},\"wordCount\":1885,\"image\":{\"@id\":\"https:\\\/\\\/lorenzhess.ch\\\/fr\\\/2025\\\/11\\\/23\\\/umsetzung-der-pflegeinitiative\\\/#primaryimage\"},\"thumbnailUrl\":\"https:\\\/\\\/lorenzhess.ch\\\/wp-content\\\/uploads\\\/2024\\\/04\\\/doctor-4303020_1280.jpg\",\"keywords\":[\"landscape\"],\"articleSection\":[\"Dans les m\u00e9dias\",\"Politique\"],\"inLanguage\":\"fr-FR\"},{\"@type\":\"WebPage\",\"@id\":\"https:\\\/\\\/lorenzhess.ch\\\/fr\\\/2025\\\/11\\\/23\\\/umsetzung-der-pflegeinitiative\\\/\",\"url\":\"https:\\\/\\\/lorenzhess.ch\\\/fr\\\/2025\\\/11\\\/23\\\/umsetzung-der-pflegeinitiative\\\/\",\"name\":\"Umsetzung der Pflegeinitiative - Lorenz Hess - Die Mitte\",\"isPartOf\":{\"@id\":\"https:\\\/\\\/lorenzhess.ch\\\/fr\\\/#website\"},\"primaryImageOfPage\":{\"@id\":\"https:\\\/\\\/lorenzhess.ch\\\/fr\\\/2025\\\/11\\\/23\\\/umsetzung-der-pflegeinitiative\\\/#primaryimage\"},\"image\":{\"@id\":\"https:\\\/\\\/lorenzhess.ch\\\/fr\\\/2025\\\/11\\\/23\\\/umsetzung-der-pflegeinitiative\\\/#primaryimage\"},\"thumbnailUrl\":\"https:\\\/\\\/lorenzhess.ch\\\/wp-content\\\/uploads\\\/2024\\\/04\\\/doctor-4303020_1280.jpg\",\"datePublished\":\"2025-11-23T16:24:12+00:00\",\"dateModified\":\"2025-11-30T16:28:20+00:00\",\"author\":{\"@id\":\"https:\\\/\\\/lorenzhess.ch\\\/fr\\\/#\\\/schema\\\/person\\\/808417283f71963c0c111d685d4d8e09\"},\"description\":\"Lorenz Hess wird von Tele B\u00e4rn am Tag der Demonstration in Bern um eine Einsch\u00e4tzung zur Umsetzung der zweiten H\u00e4lfte der Pflegeinitiative gebeten.\",\"breadcrumb\":{\"@id\":\"https:\\\/\\\/lorenzhess.ch\\\/fr\\\/2025\\\/11\\\/23\\\/umsetzung-der-pflegeinitiative\\\/#breadcrumb\"},\"inLanguage\":\"fr-FR\",\"potentialAction\":[{\"@type\":\"ReadAction\",\"target\":[\"https:\\\/\\\/lorenzhess.ch\\\/fr\\\/2025\\\/11\\\/23\\\/umsetzung-der-pflegeinitiative\\\/\"]}]},{\"@type\":\"ImageObject\",\"inLanguage\":\"fr-FR\",\"@id\":\"https:\\\/\\\/lorenzhess.ch\\\/fr\\\/2025\\\/11\\\/23\\\/umsetzung-der-pflegeinitiative\\\/#primaryimage\",\"url\":\"https:\\\/\\\/lorenzhess.ch\\\/wp-content\\\/uploads\\\/2024\\\/04\\\/doctor-4303020_1280.jpg\",\"contentUrl\":\"https:\\\/\\\/lorenzhess.ch\\\/wp-content\\\/uploads\\\/2024\\\/04\\\/doctor-4303020_1280.jpg\",\"width\":1280,\"height\":853},{\"@type\":\"BreadcrumbList\",\"@id\":\"https:\\\/\\\/lorenzhess.ch\\\/fr\\\/2025\\\/11\\\/23\\\/umsetzung-der-pflegeinitiative\\\/#breadcrumb\",\"itemListElement\":[{\"@type\":\"ListItem\",\"position\":1,\"name\":\"Home\",\"item\":\"https:\\\/\\\/lorenzhess.ch\\\/fr\\\/\"},{\"@type\":\"ListItem\",\"position\":2,\"name\":\"Umsetzung der Pflegeinitiative\"}]},{\"@type\":\"WebSite\",\"@id\":\"https:\\\/\\\/lorenzhess.ch\\\/fr\\\/#website\",\"url\":\"https:\\\/\\\/lorenzhess.ch\\\/fr\\\/\",\"name\":\"Lorenz Hess - Die Mitte\",\"description\":\"B\u00fcrgerlich denken. Nachhaltig handeln.\",\"potentialAction\":[{\"@type\":\"SearchAction\",\"target\":{\"@type\":\"EntryPoint\",\"urlTemplate\":\"https:\\\/\\\/lorenzhess.ch\\\/fr\\\/?s={search_term_string}\"},\"query-input\":{\"@type\":\"PropertyValueSpecification\",\"valueRequired\":true,\"valueName\":\"search_term_string\"}}],\"inLanguage\":\"fr-FR\"},{\"@type\":\"Person\",\"@id\":\"https:\\\/\\\/lorenzhess.ch\\\/fr\\\/#\\\/schema\\\/person\\\/808417283f71963c0c111d685d4d8e09\",\"name\":\"Redaktionsteam\",\"image\":{\"@type\":\"ImageObject\",\"inLanguage\":\"fr-FR\",\"@id\":\"https:\\\/\\\/secure.gravatar.com\\\/avatar\\\/4709ac34599df081f1d385489f4c8e2980074322606727060c85518452de4b37?s=96&d=mm&r=g\",\"url\":\"https:\\\/\\\/secure.gravatar.com\\\/avatar\\\/4709ac34599df081f1d385489f4c8e2980074322606727060c85518452de4b37?s=96&d=mm&r=g\",\"contentUrl\":\"https:\\\/\\\/secure.gravatar.com\\\/avatar\\\/4709ac34599df081f1d385489f4c8e2980074322606727060c85518452de4b37?s=96&d=mm&r=g\",\"caption\":\"Redaktionsteam\"},\"url\":\"https:\\\/\\\/lorenzhess.ch\\\/fr\\\/author\\\/vhess\\\/\"}]}<\/script>\n<!-- \/ Yoast SEO plugin. -->","yoast_head_json":{"title":"Umsetzung der Pflegeinitiative - Lorenz Hess - Die Mitte","description":"Lorenz Hess wird von Tele B\u00e4rn am Tag der Demonstration in Bern um eine Einsch\u00e4tzung zur Umsetzung der zweiten H\u00e4lfte der Pflegeinitiative gebeten.","robots":{"index":"index","follow":"follow","max-snippet":"max-snippet:-1","max-image-preview":"max-image-preview:large","max-video-preview":"max-video-preview:-1"},"canonical":"https:\/\/lorenzhess.ch\/fr\/2025\/11\/23\/umsetzung-der-pflegeinitiative\/","og_locale":"fr_FR","og_type":"article","og_title":"Umsetzung der Pflegeinitiative","og_description":"Lorenz Hess wird von Tele B\u00e4rn am Tag der Demonstration in Bern um eine Einsch\u00e4tzung zur Umsetzung der zweiten H\u00e4lfte der Pflegeinitiative gebeten.","og_url":"https:\/\/lorenzhess.ch\/fr\/2025\/11\/23\/umsetzung-der-pflegeinitiative\/","og_site_name":"Lorenz Hess - Die Mitte","article_published_time":"2025-11-23T16:24:12+00:00","article_modified_time":"2025-11-30T16:28:20+00:00","og_image":[{"width":1280,"height":853,"url":"https:\/\/lorenzhess.ch\/wp-content\/uploads\/2024\/04\/doctor-4303020_1280.jpg","type":"image\/jpeg"}],"author":"Redaktionsteam","twitter_card":"summary_large_image","twitter_title":"Umsetzung der Pflegeinitiative","twitter_description":"Lorenz Hess wird von Tele B\u00e4rn am Tag der Demonstration in Bern um eine Einsch\u00e4tzung zur Umsetzung der zweiten H\u00e4lfte der Pflegeinitiative gebeten.","twitter_image":"https:\/\/lorenzhess.ch\/wp-content\/uploads\/2024\/04\/doctor-4303020_1280.jpg","schema":{"@context":"https:\/\/schema.org","@graph":[{"@type":"Article","@id":"https:\/\/lorenzhess.ch\/fr\/2025\/11\/23\/umsetzung-der-pflegeinitiative\/#article","isPartOf":{"@id":"https:\/\/lorenzhess.ch\/fr\/2025\/11\/23\/umsetzung-der-pflegeinitiative\/"},"author":{"name":"Redaktionsteam","@id":"https:\/\/lorenzhess.ch\/fr\/#\/schema\/person\/808417283f71963c0c111d685d4d8e09"},"headline":"Umsetzung der Pflegeinitiative","datePublished":"2025-11-23T16:24:12+00:00","dateModified":"2025-11-30T16:28:20+00:00","mainEntityOfPage":{"@id":"https:\/\/lorenzhess.ch\/fr\/2025\/11\/23\/umsetzung-der-pflegeinitiative\/"},"wordCount":1885,"image":{"@id":"https:\/\/lorenzhess.ch\/fr\/2025\/11\/23\/umsetzung-der-pflegeinitiative\/#primaryimage"},"thumbnailUrl":"https:\/\/lorenzhess.ch\/wp-content\/uploads\/2024\/04\/doctor-4303020_1280.jpg","keywords":["landscape"],"articleSection":["Dans les m\u00e9dias","Politique"],"inLanguage":"fr-FR"},{"@type":"WebPage","@id":"https:\/\/lorenzhess.ch\/fr\/2025\/11\/23\/umsetzung-der-pflegeinitiative\/","url":"https:\/\/lorenzhess.ch\/fr\/2025\/11\/23\/umsetzung-der-pflegeinitiative\/","name":"Umsetzung der Pflegeinitiative - Lorenz Hess - Die Mitte","isPartOf":{"@id":"https:\/\/lorenzhess.ch\/fr\/#website"},"primaryImageOfPage":{"@id":"https:\/\/lorenzhess.ch\/fr\/2025\/11\/23\/umsetzung-der-pflegeinitiative\/#primaryimage"},"image":{"@id":"https:\/\/lorenzhess.ch\/fr\/2025\/11\/23\/umsetzung-der-pflegeinitiative\/#primaryimage"},"thumbnailUrl":"https:\/\/lorenzhess.ch\/wp-content\/uploads\/2024\/04\/doctor-4303020_1280.jpg","datePublished":"2025-11-23T16:24:12+00:00","dateModified":"2025-11-30T16:28:20+00:00","author":{"@id":"https:\/\/lorenzhess.ch\/fr\/#\/schema\/person\/808417283f71963c0c111d685d4d8e09"},"description":"Lorenz Hess wird von Tele B\u00e4rn am Tag der Demonstration in Bern um eine Einsch\u00e4tzung zur Umsetzung der zweiten H\u00e4lfte der Pflegeinitiative gebeten.","breadcrumb":{"@id":"https:\/\/lorenzhess.ch\/fr\/2025\/11\/23\/umsetzung-der-pflegeinitiative\/#breadcrumb"},"inLanguage":"fr-FR","potentialAction":[{"@type":"ReadAction","target":["https:\/\/lorenzhess.ch\/fr\/2025\/11\/23\/umsetzung-der-pflegeinitiative\/"]}]},{"@type":"ImageObject","inLanguage":"fr-FR","@id":"https:\/\/lorenzhess.ch\/fr\/2025\/11\/23\/umsetzung-der-pflegeinitiative\/#primaryimage","url":"https:\/\/lorenzhess.ch\/wp-content\/uploads\/2024\/04\/doctor-4303020_1280.jpg","contentUrl":"https:\/\/lorenzhess.ch\/wp-content\/uploads\/2024\/04\/doctor-4303020_1280.jpg","width":1280,"height":853},{"@type":"BreadcrumbList","@id":"https:\/\/lorenzhess.ch\/fr\/2025\/11\/23\/umsetzung-der-pflegeinitiative\/#breadcrumb","itemListElement":[{"@type":"ListItem","position":1,"name":"Home","item":"https:\/\/lorenzhess.ch\/fr\/"},{"@type":"ListItem","position":2,"name":"Umsetzung der Pflegeinitiative"}]},{"@type":"WebSite","@id":"https:\/\/lorenzhess.ch\/fr\/#website","url":"https:\/\/lorenzhess.ch\/fr\/","name":"Lorenz Hess - Die Mitte","description":"B\u00fcrgerlich denken. Nachhaltig handeln.","potentialAction":[{"@type":"SearchAction","target":{"@type":"EntryPoint","urlTemplate":"https:\/\/lorenzhess.ch\/fr\/?s={search_term_string}"},"query-input":{"@type":"PropertyValueSpecification","valueRequired":true,"valueName":"search_term_string"}}],"inLanguage":"fr-FR"},{"@type":"Person","@id":"https:\/\/lorenzhess.ch\/fr\/#\/schema\/person\/808417283f71963c0c111d685d4d8e09","name":"Redaktionsteam","image":{"@type":"ImageObject","inLanguage":"fr-FR","@id":"https:\/\/secure.gravatar.com\/avatar\/4709ac34599df081f1d385489f4c8e2980074322606727060c85518452de4b37?s=96&d=mm&r=g","url":"https:\/\/secure.gravatar.com\/avatar\/4709ac34599df081f1d385489f4c8e2980074322606727060c85518452de4b37?s=96&d=mm&r=g","contentUrl":"https:\/\/secure.gravatar.com\/avatar\/4709ac34599df081f1d385489f4c8e2980074322606727060c85518452de4b37?s=96&d=mm&r=g","caption":"Redaktionsteam"},"url":"https:\/\/lorenzhess.ch\/fr\/author\/vhess\/"}]}},"_links":{"self":[{"href":"https:\/\/lorenzhess.ch\/fr\/wp-json\/wp\/v2\/posts\/3880","targetHints":{"allow":["GET"]}}],"collection":[{"href":"https:\/\/lorenzhess.ch\/fr\/wp-json\/wp\/v2\/posts"}],"about":[{"href":"https:\/\/lorenzhess.ch\/fr\/wp-json\/wp\/v2\/types\/post"}],"author":[{"embeddable":true,"href":"https:\/\/lorenzhess.ch\/fr\/wp-json\/wp\/v2\/users\/3"}],"replies":[{"embeddable":true,"href":"https:\/\/lorenzhess.ch\/fr\/wp-json\/wp\/v2\/comments?post=3880"}],"version-history":[{"count":3,"href":"https:\/\/lorenzhess.ch\/fr\/wp-json\/wp\/v2\/posts\/3880\/revisions"}],"predecessor-version":[{"id":3882,"href":"https:\/\/lorenzhess.ch\/fr\/wp-json\/wp\/v2\/posts\/3880\/revisions\/3882"}],"wp:featuredmedia":[{"embeddable":true,"href":"https:\/\/lorenzhess.ch\/fr\/wp-json\/wp\/v2\/media\/3525"}],"wp:attachment":[{"href":"https:\/\/lorenzhess.ch\/fr\/wp-json\/wp\/v2\/media?parent=3880"}],"wp:term":[{"taxonomy":"category","embeddable":true,"href":"https:\/\/lorenzhess.ch\/fr\/wp-json\/wp\/v2\/categories?post=3880"},{"taxonomy":"post_tag","embeddable":true,"href":"https:\/\/lorenzhess.ch\/fr\/wp-json\/wp\/v2\/tags?post=3880"}],"curies":[{"name":"wp","href":"https:\/\/api.w.org\/{rel}","templated":true}]}}