{"id":3890,"date":"2025-10-02T17:40:45","date_gmt":"2025-10-02T15:40:45","guid":{"rendered":"https:\/\/lorenzhess.ch\/2025\/10\/02\/gegenseitige-ruecksichtnahme\/"},"modified":"2025-11-30T17:41:38","modified_gmt":"2025-11-30T16:41:38","slug":"gegenseitige-ruecksichtnahme","status":"publish","type":"post","link":"https:\/\/lorenzhess.ch\/fr\/2025\/10\/02\/gegenseitige-ruecksichtnahme\/","title":{"rendered":"Gegenseitige R\u00fccksichtnahme"},"content":{"rendered":"<div id='av_section_1'  class='avia-section av-5suxgd-4e37af07338a5aefdfc3da64be082f87 main_color avia-section-default avia-no-border-styling  avia-builder-el-0  el_before_av_section  avia-builder-el-first  av-small-hide av-mini-hide avia-bg-style-scroll container_wrap sidebar_right'  ><div class='container av-section-cont-open' ><main  role=\"main\" itemprop=\"mainContentOfPage\"  class='template-page content  av-content-small alpha units'><div class='post-entry post-entry-type-page post-entry-3890'><div class='entry-content-wrapper clearfix'>\n\n<style type=\"text\/css\" data-created_by=\"avia_inline_auto\" id=\"style-css-av-49fwgt-42b35f57aacbfe035d5197f823e0476a\">\n.flex_column.av-49fwgt-42b35f57aacbfe035d5197f823e0476a{\npadding:0 0 0 149px;\n}\n<\/style>\n<div class='flex_column av-49fwgt-42b35f57aacbfe035d5197f823e0476a av_one_full  avia-builder-el-1  avia-builder-el-no-sibling  first flex_column_div '     ><section  class='av_textblock_section av-lnoney25-d4e1dafb9c68487d3f4cf5e2e07835ae'  itemscope=\"itemscope\" itemtype=\"https:\/\/schema.org\/BlogPosting\" itemprop=\"blogPost\" ><div class='avia_textblock'  itemprop=\"text\" ><div class=\"OFA52E\">\n<div class=\"cD_92h UitnHM\" tabindex=\"-1\" data-hook=\"post-title\">\n<div class=\"headline__highlight\">\n<div class=\"headline__inner headline__inner--highlight\">\n<h1>Gegenseitige R\u00fccksichtnahme<\/h1>\n<p><strong>Jeweils vom 1. Oktober bis 15. November werden in den Berner W\u00e4ldern Rehe gejagt. Das Miteinander zwischen Joggern, Pilzsammlerinnen und J\u00e4gern wird durch gegenseitige R\u00fccksichtnahme und Kommunikation positiv beeinflusst. Lorenz Hess, Pr\u00e4sident des Berner J\u00e4gerverbandes, sagte Anfang Oktober 2025 zur Berner Zeitung: \u00abEs liegt an uns, dass wir uns bei einem Aufeinandertreffen kurz Zeit nehmen, um beispielsweise Fragen zur Sicherheit und zur Ausbildung zu kl\u00e4ren.\u00bb<\/strong><\/p>\n<p><a href=\"https:\/\/www.bernerzeitung.ch\/jagdzeit-im-kanton-bern-wie-sicher-ist-der-waldbesuch-915004839929\" target=\"_blank\" rel=\"noopener\">Berner Zeitung<\/a><\/p>\n<\/div>\n<\/div>\n<\/div>\n<\/div>\n<\/div><\/section><br \/>\n\n<style type=\"text\/css\" data-created_by=\"avia_inline_auto\" id=\"style-css-av-lnonmp64-82340c6366a1cc286bb9cf5a6a29275a\">\n.avia-image-container.av-lnonmp64-82340c6366a1cc286bb9cf5a6a29275a img.avia_image{\nbox-shadow:none;\n}\n.avia-image-container.av-lnonmp64-82340c6366a1cc286bb9cf5a6a29275a .av-image-caption-overlay-center{\ncolor:#ffffff;\n}\n<\/style>\n<div  class='avia-image-container av-lnonmp64-82340c6366a1cc286bb9cf5a6a29275a av-styling- avia-align-left  avia-builder-el-3  el_after_av_textblock  el_before_av_social_share '   itemprop=\"image\" itemscope=\"itemscope\" itemtype=\"https:\/\/schema.org\/ImageObject\" ><div class=\"avia-image-container-inner\"><div class=\"avia-image-overlay-wrap\"><img decoding=\"async\" class='wp-image-3072 avia-img-lazy-loading-not-3072 avia_image ' src=\"https:\/\/lorenzhess.ch\/wp-content\/uploads\/2023\/09\/Lorenz_Hess_Portrait_BZ-1030x666.webp\" alt='Lorenz Hess mit seinen Hunden' title='Lorenz_Hess_Portrait_BZ'  height=\"666\" width=\"1030\"  itemprop=\"thumbnailUrl\" srcset=\"https:\/\/lorenzhess.ch\/wp-content\/uploads\/2023\/09\/Lorenz_Hess_Portrait_BZ-1030x666.webp 1030w, https:\/\/lorenzhess.ch\/wp-content\/uploads\/2023\/09\/Lorenz_Hess_Portrait_BZ-300x194.webp 300w, https:\/\/lorenzhess.ch\/wp-content\/uploads\/2023\/09\/Lorenz_Hess_Portrait_BZ-768x496.webp 768w, https:\/\/lorenzhess.ch\/wp-content\/uploads\/2023\/09\/Lorenz_Hess_Portrait_BZ-1536x993.webp 1536w, https:\/\/lorenzhess.ch\/wp-content\/uploads\/2023\/09\/Lorenz_Hess_Portrait_BZ.webp 2001w\" sizes=\"(max-width: 1030px) 100vw, 1030px\" \/><\/div><\/div><\/div><br \/>\n<div  class='av-social-sharing-box av-2qg3bh-de4742c05f9f2889b4347ee2d0025eda av-social-sharing-box-icon  avia-builder-el-4  el_after_av_image  avia-builder-el-last  av-social-sharing-box-same-width'><div class=\"av-share-box\"><ul class=\"av-share-box-list noLightbox\"><li class='av-share-link av-social-link-facebook' ><a target=\"_blank\" aria-label=\"Partager sur Facebook\" href='https:\/\/www.facebook.com\/sharer.php?u=https:\/\/lorenzhess.ch\/fr\/2025\/10\/02\/gegenseitige-ruecksichtnahme\/&#038;t=Gegenseitige%20R%C3%BCcksichtnahme' aria-hidden='false' data-av_icon='\ue8f3' data-av_iconfont='entypo-fontello' title='' data-avia-related-tooltip='Partager sur Facebook' rel=\"noopener\"><span class='avia_hidden_link_text'>Partager sur Facebook<\/span><\/a><\/li><li class='av-share-link av-social-link-twitter' ><a target=\"_blank\" aria-label=\"Partager sur Twitter\" href='https:\/\/twitter.com\/share?text=Gegenseitige%20R%C3%BCcksichtnahme&#038;url=https:\/\/lorenzhess.ch\/fr\/?p=3890' aria-hidden='false' data-av_icon='\ue8f1' data-av_iconfont='entypo-fontello' title='' data-avia-related-tooltip='Partager sur Twitter' rel=\"noopener\"><span class='avia_hidden_link_text'>Partager sur Twitter<\/span><\/a><\/li><li class='av-share-link av-social-link-linkedin' ><a target=\"_blank\" aria-label=\"Partager sur LinkedIn\" href='https:\/\/linkedin.com\/shareArticle?mini=true&#038;title=Gegenseitige%20R%C3%BCcksichtnahme&#038;url=https:\/\/lorenzhess.ch\/fr\/2025\/10\/02\/gegenseitige-ruecksichtnahme\/' aria-hidden='false' data-av_icon='\ue8fc' data-av_iconfont='entypo-fontello' title='' data-avia-related-tooltip='Partager sur LinkedIn' rel=\"noopener\"><span class='avia_hidden_link_text'>Partager sur LinkedIn<\/span><\/a><\/li><\/ul><\/div><\/div><\/p><\/div><\/div><\/div><\/main><!-- close content main element --><\/div><\/div><div id='av_section_2'  class='avia-section av-lnonw21u-1b93e6382383173a51521f882bf17c51 main_color avia-section-default avia-no-border-styling  avia-builder-el-5  el_after_av_section  avia-builder-el-last  av-desktop-hide av-medium-hide avia-bg-style-scroll container_wrap sidebar_right'  ><div class='container av-section-cont-open' ><div class='template-page content  av-content-small alpha units'><div class='post-entry post-entry-type-page post-entry-3890'><div class='entry-content-wrapper clearfix'>\n<div class='flex_column av-lnonwaf6-db9d0a08d542a9e406c2220641f3831d av_one_full  avia-builder-el-6  avia-builder-el-no-sibling  first flex_column_div '     ><section  class='av_textblock_section av-65tbkt-83e3f827abb82bd0e313fcac31eb59ca'  itemscope=\"itemscope\" itemtype=\"https:\/\/schema.org\/BlogPosting\" itemprop=\"blogPost\" ><div class='avia_textblock'  itemprop=\"text\" ><div class=\"cD_92h UitnHM\" tabindex=\"-1\" data-hook=\"post-title\">\n<div class=\"headline__highlight\">\n<div class=\"headline__inner headline__inner--highlight\">\n<div class=\"cD_92h UitnHM\" tabindex=\"-1\" data-hook=\"post-title\">\n<div class=\"headline__highlight\">\n<div class=\"headline__inner headline__inner--highlight\">\n<h1>Gegenseitige R\u00fccksichtnahme<\/h1>\n<p><strong>Jeweils vom 1. Oktober bis 15. November werden in den Berner W\u00e4ldern Rehe gejagt. Das Miteinander zwischen Joggern, Pilzsammlerinnen und J\u00e4gern wird durch gegenseitige R\u00fccksichtnahme und Kommunikation positiv beeinflusst. Lorenz Hess, Pr\u00e4sident des Berner J\u00e4gerverbandes, sagte Anfang Oktober 2025 zur Berner Zeitung: \u00abEs liegt an uns, dass wir uns bei einem Aufeinandertreffen kurz Zeit nehmen, um beispielsweise Fragen zur Sicherheit und zur Ausbildung zu kl\u00e4ren.\u00bb<\/strong><\/p>\n<p><a href=\"https:\/\/www.bernerzeitung.ch\/jagdzeit-im-kanton-bern-wie-sicher-ist-der-waldbesuch-915004839929\" target=\"_blank\" rel=\"noopener\">Berner Zeitung<\/a><\/p>\n<\/div>\n<\/div>\n<\/div>\n<\/div>\n<\/div>\n<\/div>\n<\/div><\/section><br \/>\n\n<style type=\"text\/css\" data-created_by=\"avia_inline_auto\" id=\"style-css-av-4xi8ql-903a902ddd2dcacde21b1788cbfc2c78\">\n.avia-image-container.av-4xi8ql-903a902ddd2dcacde21b1788cbfc2c78 img.avia_image{\nbox-shadow:none;\n}\n.avia-image-container.av-4xi8ql-903a902ddd2dcacde21b1788cbfc2c78 .av-image-caption-overlay-center{\ncolor:#ffffff;\n}\n<\/style>\n<div  class='avia-image-container av-4xi8ql-903a902ddd2dcacde21b1788cbfc2c78 av-styling- avia-align-left  avia-builder-el-8  el_after_av_textblock  el_before_av_social_share '   itemprop=\"image\" itemscope=\"itemscope\" itemtype=\"https:\/\/schema.org\/ImageObject\" ><div class=\"avia-image-container-inner\"><div class=\"avia-image-overlay-wrap\"><img decoding=\"async\" class='wp-image-3072 avia-img-lazy-loading-not-3072 avia_image ' src=\"https:\/\/lorenzhess.ch\/wp-content\/uploads\/2023\/09\/Lorenz_Hess_Portrait_BZ-1030x666.webp\" alt='Lorenz Hess mit seinen Hunden' title='Lorenz_Hess_Portrait_BZ'  height=\"666\" width=\"1030\"  itemprop=\"thumbnailUrl\" srcset=\"https:\/\/lorenzhess.ch\/wp-content\/uploads\/2023\/09\/Lorenz_Hess_Portrait_BZ-1030x666.webp 1030w, https:\/\/lorenzhess.ch\/wp-content\/uploads\/2023\/09\/Lorenz_Hess_Portrait_BZ-300x194.webp 300w, https:\/\/lorenzhess.ch\/wp-content\/uploads\/2023\/09\/Lorenz_Hess_Portrait_BZ-768x496.webp 768w, https:\/\/lorenzhess.ch\/wp-content\/uploads\/2023\/09\/Lorenz_Hess_Portrait_BZ-1536x993.webp 1536w, https:\/\/lorenzhess.ch\/wp-content\/uploads\/2023\/09\/Lorenz_Hess_Portrait_BZ.webp 2001w\" sizes=\"(max-width: 1030px) 100vw, 1030px\" \/><\/div><\/div><\/div><br \/>\n<div  class='av-social-sharing-box av-1zrfzh-04686e32bac81490757d98a5a0d552b9 av-social-sharing-box-icon  avia-builder-el-9  el_after_av_image  avia-builder-el-last  av-social-sharing-box-same-width'><div class=\"av-share-box\"><ul class=\"av-share-box-list noLightbox\"><li class='av-share-link av-social-link-facebook' ><a target=\"_blank\" aria-label=\"Partager sur Facebook\" href='https:\/\/www.facebook.com\/sharer.php?u=https:\/\/lorenzhess.ch\/fr\/2025\/10\/02\/gegenseitige-ruecksichtnahme\/&#038;t=Gegenseitige%20R%C3%BCcksichtnahme' aria-hidden='false' data-av_icon='\ue8f3' data-av_iconfont='entypo-fontello' title='' data-avia-related-tooltip='Partager sur Facebook' rel=\"noopener\"><span class='avia_hidden_link_text'>Partager sur Facebook<\/span><\/a><\/li><li class='av-share-link av-social-link-twitter' ><a target=\"_blank\" aria-label=\"Partager sur Twitter\" href='https:\/\/twitter.com\/share?text=Gegenseitige%20R%C3%BCcksichtnahme&#038;url=https:\/\/lorenzhess.ch\/fr\/?p=3890' aria-hidden='false' data-av_icon='\ue8f1' data-av_iconfont='entypo-fontello' title='' data-avia-related-tooltip='Partager sur Twitter' rel=\"noopener\"><span class='avia_hidden_link_text'>Partager sur Twitter<\/span><\/a><\/li><li class='av-share-link av-social-link-linkedin' ><a target=\"_blank\" aria-label=\"Partager sur LinkedIn\" href='https:\/\/linkedin.com\/shareArticle?mini=true&#038;title=Gegenseitige%20R%C3%BCcksichtnahme&#038;url=https:\/\/lorenzhess.ch\/fr\/2025\/10\/02\/gegenseitige-ruecksichtnahme\/' aria-hidden='false' data-av_icon='\ue8fc' data-av_iconfont='entypo-fontello' title='' data-avia-related-tooltip='Partager sur LinkedIn' rel=\"noopener\"><span class='avia_hidden_link_text'>Partager sur LinkedIn<\/span><\/a><\/li><\/ul><\/div><\/div><\/p><\/div><\/div><\/div><\/div><!-- close content main div --><\/div><\/div><div id='after_section_2'  class='main_color av_default_container_wrap container_wrap sidebar_right'  ><div class='container av-section-cont-open' ><div class='template-page content  av-content-small alpha units'><div class='post-entry post-entry-type-page post-entry-3890'><div class='entry-content-wrapper clearfix'><\/p>\n","protected":false},"excerpt":{"rendered":"<p>Berner Zeitung<\/p>\n","protected":false},"author":3,"featured_media":3072,"comment_status":"closed","ping_status":"open","sticky":false,"template":"","format":"standard","meta":{"footnotes":""},"categories":[16,18],"tags":[19],"class_list":["post-3890","post","type-post","status-publish","format-standard","has-post-thumbnail","hentry","category-dans-les-medias","category-politique","tag-landscape-fr"],"yoast_head":"<!-- This site is optimized with the Yoast SEO plugin v27.5 - https:\/\/yoast.com\/product\/yoast-seo-wordpress\/ -->\n<title>Gegenseitige R\u00fccksichtnahme - Lorenz Hess - Die Mitte<\/title>\n<meta name=\"description\" content=\"Lorenz Hess, Pr\u00e4sident des Berner J\u00e4gerverbands, setzt auf Kommunikation zwischen J\u00e4gerschaft und Bev\u00f6lkerung.\" \/>\n<meta name=\"robots\" content=\"index, follow, max-snippet:-1, max-image-preview:large, max-video-preview:-1\" \/>\n<link rel=\"canonical\" href=\"https:\/\/lorenzhess.ch\/fr\/2025\/10\/02\/gegenseitige-ruecksichtnahme\/\" \/>\n<meta property=\"og:locale\" content=\"fr_FR\" \/>\n<meta property=\"og:type\" content=\"article\" \/>\n<meta property=\"og:title\" content=\"Gegenseitige R\u00fccksichtnahme\" \/>\n<meta property=\"og:description\" content=\"Lorenz Hess, Pr\u00e4sident des Berner J\u00e4gerverbands, setzt auf Kommunikation zwischen J\u00e4gerschaft und Bev\u00f6lkerung.\" \/>\n<meta property=\"og:url\" content=\"https:\/\/lorenzhess.ch\/fr\/2025\/10\/02\/gegenseitige-ruecksichtnahme\/\" \/>\n<meta property=\"og:site_name\" content=\"Lorenz Hess - Die Mitte\" \/>\n<meta property=\"article:published_time\" content=\"2025-10-02T15:40:45+00:00\" \/>\n<meta property=\"article:modified_time\" content=\"2025-11-30T16:41:38+00:00\" \/>\n<meta property=\"og:image\" content=\"https:\/\/lorenzhess.ch\/wp-content\/uploads\/2023\/09\/Lorenz_Hess_Portrait_BZ.webp\" \/>\n\t<meta property=\"og:image:width\" content=\"2001\" \/>\n\t<meta property=\"og:image:height\" content=\"1293\" \/>\n\t<meta property=\"og:image:type\" content=\"image\/webp\" \/>\n<meta name=\"author\" content=\"Redaktionsteam\" \/>\n<meta name=\"twitter:card\" content=\"summary_large_image\" \/>\n<meta name=\"twitter:title\" content=\"Gegenseitige R\u00fccksichtnahme\" \/>\n<meta name=\"twitter:description\" content=\"Lorenz Hess, Pr\u00e4sident des Berner J\u00e4gerverbands, setzt auf Kommunikation zwischen J\u00e4gerschaft und Bev\u00f6lkerung.\" \/>\n<meta name=\"twitter:image\" content=\"https:\/\/lorenzhess.ch\/wp-content\/uploads\/2023\/09\/Lorenz_Hess_Portrait_BZ.webp\" \/>\n<script type=\"application\/ld+json\" class=\"yoast-schema-graph\">{\"@context\":\"https:\\\/\\\/schema.org\",\"@graph\":[{\"@type\":\"Article\",\"@id\":\"https:\\\/\\\/lorenzhess.ch\\\/fr\\\/2025\\\/10\\\/02\\\/gegenseitige-ruecksichtnahme\\\/#article\",\"isPartOf\":{\"@id\":\"https:\\\/\\\/lorenzhess.ch\\\/fr\\\/2025\\\/10\\\/02\\\/gegenseitige-ruecksichtnahme\\\/\"},\"author\":{\"name\":\"Redaktionsteam\",\"@id\":\"https:\\\/\\\/lorenzhess.ch\\\/fr\\\/#\\\/schema\\\/person\\\/808417283f71963c0c111d685d4d8e09\"},\"headline\":\"Gegenseitige R\u00fccksichtnahme\",\"datePublished\":\"2025-10-02T15:40:45+00:00\",\"dateModified\":\"2025-11-30T16:41:38+00:00\",\"mainEntityOfPage\":{\"@id\":\"https:\\\/\\\/lorenzhess.ch\\\/fr\\\/2025\\\/10\\\/02\\\/gegenseitige-ruecksichtnahme\\\/\"},\"wordCount\":1865,\"image\":{\"@id\":\"https:\\\/\\\/lorenzhess.ch\\\/fr\\\/2025\\\/10\\\/02\\\/gegenseitige-ruecksichtnahme\\\/#primaryimage\"},\"thumbnailUrl\":\"https:\\\/\\\/lorenzhess.ch\\\/wp-content\\\/uploads\\\/2023\\\/09\\\/Lorenz_Hess_Portrait_BZ.webp\",\"keywords\":[\"landscape\"],\"articleSection\":[\"Dans les m\u00e9dias\",\"Politique\"],\"inLanguage\":\"fr-FR\"},{\"@type\":\"WebPage\",\"@id\":\"https:\\\/\\\/lorenzhess.ch\\\/fr\\\/2025\\\/10\\\/02\\\/gegenseitige-ruecksichtnahme\\\/\",\"url\":\"https:\\\/\\\/lorenzhess.ch\\\/fr\\\/2025\\\/10\\\/02\\\/gegenseitige-ruecksichtnahme\\\/\",\"name\":\"Gegenseitige R\u00fccksichtnahme - Lorenz Hess - Die Mitte\",\"isPartOf\":{\"@id\":\"https:\\\/\\\/lorenzhess.ch\\\/fr\\\/#website\"},\"primaryImageOfPage\":{\"@id\":\"https:\\\/\\\/lorenzhess.ch\\\/fr\\\/2025\\\/10\\\/02\\\/gegenseitige-ruecksichtnahme\\\/#primaryimage\"},\"image\":{\"@id\":\"https:\\\/\\\/lorenzhess.ch\\\/fr\\\/2025\\\/10\\\/02\\\/gegenseitige-ruecksichtnahme\\\/#primaryimage\"},\"thumbnailUrl\":\"https:\\\/\\\/lorenzhess.ch\\\/wp-content\\\/uploads\\\/2023\\\/09\\\/Lorenz_Hess_Portrait_BZ.webp\",\"datePublished\":\"2025-10-02T15:40:45+00:00\",\"dateModified\":\"2025-11-30T16:41:38+00:00\",\"author\":{\"@id\":\"https:\\\/\\\/lorenzhess.ch\\\/fr\\\/#\\\/schema\\\/person\\\/808417283f71963c0c111d685d4d8e09\"},\"description\":\"Lorenz Hess, Pr\u00e4sident des Berner J\u00e4gerverbands, setzt auf Kommunikation zwischen J\u00e4gerschaft und Bev\u00f6lkerung.\",\"breadcrumb\":{\"@id\":\"https:\\\/\\\/lorenzhess.ch\\\/fr\\\/2025\\\/10\\\/02\\\/gegenseitige-ruecksichtnahme\\\/#breadcrumb\"},\"inLanguage\":\"fr-FR\",\"potentialAction\":[{\"@type\":\"ReadAction\",\"target\":[\"https:\\\/\\\/lorenzhess.ch\\\/fr\\\/2025\\\/10\\\/02\\\/gegenseitige-ruecksichtnahme\\\/\"]}]},{\"@type\":\"ImageObject\",\"inLanguage\":\"fr-FR\",\"@id\":\"https:\\\/\\\/lorenzhess.ch\\\/fr\\\/2025\\\/10\\\/02\\\/gegenseitige-ruecksichtnahme\\\/#primaryimage\",\"url\":\"https:\\\/\\\/lorenzhess.ch\\\/wp-content\\\/uploads\\\/2023\\\/09\\\/Lorenz_Hess_Portrait_BZ.webp\",\"contentUrl\":\"https:\\\/\\\/lorenzhess.ch\\\/wp-content\\\/uploads\\\/2023\\\/09\\\/Lorenz_Hess_Portrait_BZ.webp\",\"width\":2001,\"height\":1293,\"caption\":\"Lorenz Hess mit seinen Hunden\"},{\"@type\":\"BreadcrumbList\",\"@id\":\"https:\\\/\\\/lorenzhess.ch\\\/fr\\\/2025\\\/10\\\/02\\\/gegenseitige-ruecksichtnahme\\\/#breadcrumb\",\"itemListElement\":[{\"@type\":\"ListItem\",\"position\":1,\"name\":\"Home\",\"item\":\"https:\\\/\\\/lorenzhess.ch\\\/fr\\\/\"},{\"@type\":\"ListItem\",\"position\":2,\"name\":\"Gegenseitige R\u00fccksichtnahme\"}]},{\"@type\":\"WebSite\",\"@id\":\"https:\\\/\\\/lorenzhess.ch\\\/fr\\\/#website\",\"url\":\"https:\\\/\\\/lorenzhess.ch\\\/fr\\\/\",\"name\":\"Lorenz Hess - Die Mitte\",\"description\":\"B\u00fcrgerlich denken. Nachhaltig handeln.\",\"potentialAction\":[{\"@type\":\"SearchAction\",\"target\":{\"@type\":\"EntryPoint\",\"urlTemplate\":\"https:\\\/\\\/lorenzhess.ch\\\/fr\\\/?s={search_term_string}\"},\"query-input\":{\"@type\":\"PropertyValueSpecification\",\"valueRequired\":true,\"valueName\":\"search_term_string\"}}],\"inLanguage\":\"fr-FR\"},{\"@type\":\"Person\",\"@id\":\"https:\\\/\\\/lorenzhess.ch\\\/fr\\\/#\\\/schema\\\/person\\\/808417283f71963c0c111d685d4d8e09\",\"name\":\"Redaktionsteam\",\"image\":{\"@type\":\"ImageObject\",\"inLanguage\":\"fr-FR\",\"@id\":\"https:\\\/\\\/secure.gravatar.com\\\/avatar\\\/4709ac34599df081f1d385489f4c8e2980074322606727060c85518452de4b37?s=96&d=mm&r=g\",\"url\":\"https:\\\/\\\/secure.gravatar.com\\\/avatar\\\/4709ac34599df081f1d385489f4c8e2980074322606727060c85518452de4b37?s=96&d=mm&r=g\",\"contentUrl\":\"https:\\\/\\\/secure.gravatar.com\\\/avatar\\\/4709ac34599df081f1d385489f4c8e2980074322606727060c85518452de4b37?s=96&d=mm&r=g\",\"caption\":\"Redaktionsteam\"},\"url\":\"https:\\\/\\\/lorenzhess.ch\\\/fr\\\/author\\\/vhess\\\/\"}]}<\/script>\n<!-- \/ Yoast SEO plugin. -->","yoast_head_json":{"title":"Gegenseitige R\u00fccksichtnahme - Lorenz Hess - Die Mitte","description":"Lorenz Hess, Pr\u00e4sident des Berner J\u00e4gerverbands, setzt auf Kommunikation zwischen J\u00e4gerschaft und Bev\u00f6lkerung.","robots":{"index":"index","follow":"follow","max-snippet":"max-snippet:-1","max-image-preview":"max-image-preview:large","max-video-preview":"max-video-preview:-1"},"canonical":"https:\/\/lorenzhess.ch\/fr\/2025\/10\/02\/gegenseitige-ruecksichtnahme\/","og_locale":"fr_FR","og_type":"article","og_title":"Gegenseitige R\u00fccksichtnahme","og_description":"Lorenz Hess, Pr\u00e4sident des Berner J\u00e4gerverbands, setzt auf Kommunikation zwischen J\u00e4gerschaft und Bev\u00f6lkerung.","og_url":"https:\/\/lorenzhess.ch\/fr\/2025\/10\/02\/gegenseitige-ruecksichtnahme\/","og_site_name":"Lorenz Hess - Die Mitte","article_published_time":"2025-10-02T15:40:45+00:00","article_modified_time":"2025-11-30T16:41:38+00:00","og_image":[{"width":2001,"height":1293,"url":"https:\/\/lorenzhess.ch\/wp-content\/uploads\/2023\/09\/Lorenz_Hess_Portrait_BZ.webp","type":"image\/webp"}],"author":"Redaktionsteam","twitter_card":"summary_large_image","twitter_title":"Gegenseitige R\u00fccksichtnahme","twitter_description":"Lorenz Hess, Pr\u00e4sident des Berner J\u00e4gerverbands, setzt auf Kommunikation zwischen J\u00e4gerschaft und Bev\u00f6lkerung.","twitter_image":"https:\/\/lorenzhess.ch\/wp-content\/uploads\/2023\/09\/Lorenz_Hess_Portrait_BZ.webp","schema":{"@context":"https:\/\/schema.org","@graph":[{"@type":"Article","@id":"https:\/\/lorenzhess.ch\/fr\/2025\/10\/02\/gegenseitige-ruecksichtnahme\/#article","isPartOf":{"@id":"https:\/\/lorenzhess.ch\/fr\/2025\/10\/02\/gegenseitige-ruecksichtnahme\/"},"author":{"name":"Redaktionsteam","@id":"https:\/\/lorenzhess.ch\/fr\/#\/schema\/person\/808417283f71963c0c111d685d4d8e09"},"headline":"Gegenseitige R\u00fccksichtnahme","datePublished":"2025-10-02T15:40:45+00:00","dateModified":"2025-11-30T16:41:38+00:00","mainEntityOfPage":{"@id":"https:\/\/lorenzhess.ch\/fr\/2025\/10\/02\/gegenseitige-ruecksichtnahme\/"},"wordCount":1865,"image":{"@id":"https:\/\/lorenzhess.ch\/fr\/2025\/10\/02\/gegenseitige-ruecksichtnahme\/#primaryimage"},"thumbnailUrl":"https:\/\/lorenzhess.ch\/wp-content\/uploads\/2023\/09\/Lorenz_Hess_Portrait_BZ.webp","keywords":["landscape"],"articleSection":["Dans les m\u00e9dias","Politique"],"inLanguage":"fr-FR"},{"@type":"WebPage","@id":"https:\/\/lorenzhess.ch\/fr\/2025\/10\/02\/gegenseitige-ruecksichtnahme\/","url":"https:\/\/lorenzhess.ch\/fr\/2025\/10\/02\/gegenseitige-ruecksichtnahme\/","name":"Gegenseitige R\u00fccksichtnahme - Lorenz Hess - Die Mitte","isPartOf":{"@id":"https:\/\/lorenzhess.ch\/fr\/#website"},"primaryImageOfPage":{"@id":"https:\/\/lorenzhess.ch\/fr\/2025\/10\/02\/gegenseitige-ruecksichtnahme\/#primaryimage"},"image":{"@id":"https:\/\/lorenzhess.ch\/fr\/2025\/10\/02\/gegenseitige-ruecksichtnahme\/#primaryimage"},"thumbnailUrl":"https:\/\/lorenzhess.ch\/wp-content\/uploads\/2023\/09\/Lorenz_Hess_Portrait_BZ.webp","datePublished":"2025-10-02T15:40:45+00:00","dateModified":"2025-11-30T16:41:38+00:00","author":{"@id":"https:\/\/lorenzhess.ch\/fr\/#\/schema\/person\/808417283f71963c0c111d685d4d8e09"},"description":"Lorenz Hess, Pr\u00e4sident des Berner J\u00e4gerverbands, setzt auf Kommunikation zwischen J\u00e4gerschaft und Bev\u00f6lkerung.","breadcrumb":{"@id":"https:\/\/lorenzhess.ch\/fr\/2025\/10\/02\/gegenseitige-ruecksichtnahme\/#breadcrumb"},"inLanguage":"fr-FR","potentialAction":[{"@type":"ReadAction","target":["https:\/\/lorenzhess.ch\/fr\/2025\/10\/02\/gegenseitige-ruecksichtnahme\/"]}]},{"@type":"ImageObject","inLanguage":"fr-FR","@id":"https:\/\/lorenzhess.ch\/fr\/2025\/10\/02\/gegenseitige-ruecksichtnahme\/#primaryimage","url":"https:\/\/lorenzhess.ch\/wp-content\/uploads\/2023\/09\/Lorenz_Hess_Portrait_BZ.webp","contentUrl":"https:\/\/lorenzhess.ch\/wp-content\/uploads\/2023\/09\/Lorenz_Hess_Portrait_BZ.webp","width":2001,"height":1293,"caption":"Lorenz Hess mit seinen Hunden"},{"@type":"BreadcrumbList","@id":"https:\/\/lorenzhess.ch\/fr\/2025\/10\/02\/gegenseitige-ruecksichtnahme\/#breadcrumb","itemListElement":[{"@type":"ListItem","position":1,"name":"Home","item":"https:\/\/lorenzhess.ch\/fr\/"},{"@type":"ListItem","position":2,"name":"Gegenseitige R\u00fccksichtnahme"}]},{"@type":"WebSite","@id":"https:\/\/lorenzhess.ch\/fr\/#website","url":"https:\/\/lorenzhess.ch\/fr\/","name":"Lorenz Hess - Die Mitte","description":"B\u00fcrgerlich denken. Nachhaltig handeln.","potentialAction":[{"@type":"SearchAction","target":{"@type":"EntryPoint","urlTemplate":"https:\/\/lorenzhess.ch\/fr\/?s={search_term_string}"},"query-input":{"@type":"PropertyValueSpecification","valueRequired":true,"valueName":"search_term_string"}}],"inLanguage":"fr-FR"},{"@type":"Person","@id":"https:\/\/lorenzhess.ch\/fr\/#\/schema\/person\/808417283f71963c0c111d685d4d8e09","name":"Redaktionsteam","image":{"@type":"ImageObject","inLanguage":"fr-FR","@id":"https:\/\/secure.gravatar.com\/avatar\/4709ac34599df081f1d385489f4c8e2980074322606727060c85518452de4b37?s=96&d=mm&r=g","url":"https:\/\/secure.gravatar.com\/avatar\/4709ac34599df081f1d385489f4c8e2980074322606727060c85518452de4b37?s=96&d=mm&r=g","contentUrl":"https:\/\/secure.gravatar.com\/avatar\/4709ac34599df081f1d385489f4c8e2980074322606727060c85518452de4b37?s=96&d=mm&r=g","caption":"Redaktionsteam"},"url":"https:\/\/lorenzhess.ch\/fr\/author\/vhess\/"}]}},"_links":{"self":[{"href":"https:\/\/lorenzhess.ch\/fr\/wp-json\/wp\/v2\/posts\/3890","targetHints":{"allow":["GET"]}}],"collection":[{"href":"https:\/\/lorenzhess.ch\/fr\/wp-json\/wp\/v2\/posts"}],"about":[{"href":"https:\/\/lorenzhess.ch\/fr\/wp-json\/wp\/v2\/types\/post"}],"author":[{"embeddable":true,"href":"https:\/\/lorenzhess.ch\/fr\/wp-json\/wp\/v2\/users\/3"}],"replies":[{"embeddable":true,"href":"https:\/\/lorenzhess.ch\/fr\/wp-json\/wp\/v2\/comments?post=3890"}],"version-history":[{"count":2,"href":"https:\/\/lorenzhess.ch\/fr\/wp-json\/wp\/v2\/posts\/3890\/revisions"}],"predecessor-version":[{"id":3892,"href":"https:\/\/lorenzhess.ch\/fr\/wp-json\/wp\/v2\/posts\/3890\/revisions\/3892"}],"wp:featuredmedia":[{"embeddable":true,"href":"https:\/\/lorenzhess.ch\/fr\/wp-json\/wp\/v2\/media\/3072"}],"wp:attachment":[{"href":"https:\/\/lorenzhess.ch\/fr\/wp-json\/wp\/v2\/media?parent=3890"}],"wp:term":[{"taxonomy":"category","embeddable":true,"href":"https:\/\/lorenzhess.ch\/fr\/wp-json\/wp\/v2\/categories?post=3890"},{"taxonomy":"post_tag","embeddable":true,"href":"https:\/\/lorenzhess.ch\/fr\/wp-json\/wp\/v2\/tags?post=3890"}],"curies":[{"name":"wp","href":"https:\/\/api.w.org\/{rel}","templated":true}]}}